{"id":3835,"date":"2020-09-01T08:00:00","date_gmt":"2020-09-01T12:00:00","guid":{"rendered":"https:\/\/blacmcstaging.wpengine.com\/?p=3835"},"modified":"2025-07-14T11:43:23","modified_gmt":"2025-07-14T15:43:23","slug":"villes-intelligentes-tirer-parti-des-donnees-pour-ameliorer-la-qualite-de-vie-des-citoyens","status":"publish","type":"post","link":"https:\/\/blackandmcdonald.com\/fr\/villes-intelligentes-tirer-parti-des-donnees-pour-ameliorer-la-qualite-de-vie-des-citoyens\/","title":{"rendered":"Villes intelligentes : tirer parti des donn\u00e9es pour am\u00e9liorer la qualit\u00e9 de vie des citoyens"},"content":{"rendered":"\n<p>When people are talking about the <em>smart city<\/em>, what do they mean? What is it and what will it mean for property and facility managers?<\/p>\n\n<p>The McKinsey\nGlobal Institute describes the <em>smart city <\/em>as communities that, \u201c\u2026put\ndata and digital technology to work to make better decisions and improve the\nquality of life. More comprehensive, real-time data gives agencies the ability\nto watch events as they unfold, understand how demand patterns are changing,\nand respond with faster and lower-cost solutions.\u201d<\/p>\n\n<p>McKinsey cites three key layers that comprise the <em>smart city<\/em>. The first is the tech base of smartphones, sensors and high-speed communications networks. The second consists of novel apps that leverage data into alerts, insight and tools to respond to changing circumstances. The third is usage, adoption and action based on what the apps provide &#8211; success hinges on wide adoption and modified behaviours.<\/p>\n\n<p>If you manage a commercial, residential, industrial or government facility, you can be a part of the <em>smart city<\/em> too. Do you have tenants with sub-metering? Can those tenants gain savings from technology that encourages them to conserve energy or change behaviour? You can be <em>smart <\/em>by considering implementing vehicle charging stations, or automated heating and cooling systems, predictive maintenance systems, advanced lighting, energy-saving amenities or intelligent technologies that adapt as usage changes.<\/p>\n\n<p>It is\nimportant to keep your eye on the outcomes the <em>smart city <\/em>provides. When\nadvising building owners and managers, be technology agnostic and offer value\nby proving the best decisions that can be made using technology in concert with\na facility\u2019s needs, its population and resources. <\/p>\n\n<p>Doing this\nright for clients will deliver operations and financial benefits that translate\nto the bottom line, and improve sales, resident experience and reputation\noverall. Customers, whether industrial, institutional, residential or\ncommercial, are looking to invest in ways to join the <em>smart city. <\/em>This\nis a golden opportunity. Capitalize on the desire by clients to examine\ntechnologies to improve decision-making and give them the advice and tools they\nneed to fully participate in the <em>smart city.<\/em> <\/p>\n","protected":false},"excerpt":{"rendered":"<p>When people are talking about the smart city, what do they mean? What is it and what will it mean for property and facility [&hellip;]<\/p>\n","protected":false},"author":11,"featured_media":18336,"comment_status":"closed","ping_status":"closed","sticky":false,"template":"","format":"standard","meta":{"_acf_changed":false,"inline_featured_image":false,"footnotes":""},"categories":[103],"tags":[129,128,133,127],"class_list":["post-3835","post","type-post","status-publish","format-standard","has-post-thumbnail","hentry","category-services-energetiques-et-de-developpement-durable","tag-energie-verte","tag-gestion-de-lenergie","tag-optimisation-de-lenergie-des-batiments","tag-villes-intelligentes"],"acf":[],"yoast_head":"<!-- This site is optimized with the Yoast SEO Premium plugin v27.4 (Yoast SEO v27.4) - https:\/\/yoast.com\/product\/yoast-seo-premium-wordpress\/ -->\n<title>Villes intelligentes : tirer parti des donn\u00e9es pour am\u00e9liorer la qualit\u00e9 de vie des citoyens | Black &amp; McDonald<\/title>\n<meta name=\"description\" content=\"When people are talking about the smart city, what do they mean? What is it and what will it mean for property and facility managers? The McKinsey Global\" \/>\n<meta name=\"robots\" content=\"index, follow, max-snippet:-1, max-image-preview:large, max-video-preview:-1\" \/>\n<link rel=\"canonical\" href=\"https:\/\/blackandmcdonald.com\/fr\/villes-intelligentes-tirer-parti-des-donnees-pour-ameliorer-la-qualite-de-vie-des-citoyens\/\" \/>\n<meta property=\"og:locale\" content=\"fr_CA\" \/>\n<meta property=\"og:type\" content=\"article\" \/>\n<meta property=\"og:title\" content=\"Villes intelligentes : tirer parti des donn\u00e9es pour am\u00e9liorer la qualit\u00e9 de vie des citoyens\" \/>\n<meta property=\"og:description\" content=\"When people are talking about the smart city, what do they mean? What is it and what will it mean for property and facility managers? The McKinsey Global\" \/>\n<meta property=\"og:url\" content=\"https:\/\/blackandmcdonald.com\/fr\/villes-intelligentes-tirer-parti-des-donnees-pour-ameliorer-la-qualite-de-vie-des-citoyens\/\" \/>\n<meta property=\"og:site_name\" content=\"Black &amp; McDonald\" \/>\n<meta property=\"article:publisher\" content=\"https:\/\/www.facebook.com\/BlackandMcDonald\" \/>\n<meta property=\"article:published_time\" content=\"2020-09-01T12:00:00+00:00\" \/>\n<meta property=\"article:modified_time\" content=\"2025-07-14T15:43:23+00:00\" \/>\n<meta property=\"og:image\" content=\"https:\/\/blackandmcdonald.com\/wp-content\/uploads\/Blog_Post_fr-Leveraging_data_to_improve_quality_of_life-1.jpg\" \/>\n\t<meta property=\"og:image:width\" content=\"1920\" \/>\n\t<meta property=\"og:image:height\" content=\"1080\" \/>\n\t<meta property=\"og:image:type\" content=\"image\/jpeg\" \/>\n<meta name=\"author\" content=\"Tareq Ali\" \/>\n<meta name=\"twitter:card\" content=\"summary_large_image\" \/>\n<meta name=\"twitter:creator\" content=\"@bandmlimited\" \/>\n<meta name=\"twitter:site\" content=\"@bandmlimited\" \/>\n<meta name=\"twitter:label1\" content=\"\u00c9crit par\" \/>\n\t<meta name=\"twitter:data1\" content=\"Tareq Ali\" \/>\n\t<meta name=\"twitter:label2\" content=\"Estimation du temps de lecture\" \/>\n\t<meta name=\"twitter:data2\" content=\"2 minutes\" \/>\n<script type=\"application\/ld+json\" class=\"yoast-schema-graph\">{\"@context\":\"https:\\\/\\\/schema.org\",\"@graph\":[{\"@type\":\"Article\",\"@id\":\"https:\\\/\\\/blackandmcdonald.com\\\/fr\\\/villes-intelligentes-tirer-parti-des-donnees-pour-ameliorer-la-qualite-de-vie-des-citoyens\\\/#article\",\"isPartOf\":{\"@id\":\"https:\\\/\\\/blackandmcdonald.com\\\/fr\\\/villes-intelligentes-tirer-parti-des-donnees-pour-ameliorer-la-qualite-de-vie-des-citoyens\\\/\"},\"author\":{\"name\":\"Tareq Ali\",\"@id\":\"https:\\\/\\\/blackandmcdonald.com\\\/#\\\/schema\\\/person\\\/31f17cb3ca3b546cdce014ac6696106d\"},\"headline\":\"Villes intelligentes : tirer parti des donn\u00e9es pour am\u00e9liorer la qualit\u00e9 de vie des citoyens\",\"datePublished\":\"2020-09-01T12:00:00+00:00\",\"dateModified\":\"2025-07-14T15:43:23+00:00\",\"mainEntityOfPage\":{\"@id\":\"https:\\\/\\\/blackandmcdonald.com\\\/fr\\\/villes-intelligentes-tirer-parti-des-donnees-pour-ameliorer-la-qualite-de-vie-des-citoyens\\\/\"},\"wordCount\":357,\"publisher\":{\"@id\":\"https:\\\/\\\/blackandmcdonald.com\\\/#organization\"},\"image\":{\"@id\":\"https:\\\/\\\/blackandmcdonald.com\\\/fr\\\/villes-intelligentes-tirer-parti-des-donnees-pour-ameliorer-la-qualite-de-vie-des-citoyens\\\/#primaryimage\"},\"thumbnailUrl\":\"https:\\\/\\\/blackandmcdonald.com\\\/wp-content\\\/uploads\\\/Blog_Post_fr-Leveraging_data_to_improve_quality_of_life-1.jpg\",\"keywords\":[\"\u00c9nergie verte\",\"Gestion de l\u2019\u00e9nergie\",\"Optimisation de l\u2019\u00e9nergie des b\u00e2timents\",\"Villes intelligentes\"],\"articleSection\":[\"Services \u00e9nerg\u00e9tiques et de d\u00e9veloppement durable\"],\"inLanguage\":\"fr-CA\"},{\"@type\":\"WebPage\",\"@id\":\"https:\\\/\\\/blackandmcdonald.com\\\/fr\\\/villes-intelligentes-tirer-parti-des-donnees-pour-ameliorer-la-qualite-de-vie-des-citoyens\\\/\",\"url\":\"https:\\\/\\\/blackandmcdonald.com\\\/fr\\\/villes-intelligentes-tirer-parti-des-donnees-pour-ameliorer-la-qualite-de-vie-des-citoyens\\\/\",\"name\":\"Villes intelligentes : tirer parti des donn\u00e9es pour am\u00e9liorer la qualit\u00e9 de vie des citoyens | Black & McDonald\",\"isPartOf\":{\"@id\":\"https:\\\/\\\/blackandmcdonald.com\\\/#website\"},\"primaryImageOfPage\":{\"@id\":\"https:\\\/\\\/blackandmcdonald.com\\\/fr\\\/villes-intelligentes-tirer-parti-des-donnees-pour-ameliorer-la-qualite-de-vie-des-citoyens\\\/#primaryimage\"},\"image\":{\"@id\":\"https:\\\/\\\/blackandmcdonald.com\\\/fr\\\/villes-intelligentes-tirer-parti-des-donnees-pour-ameliorer-la-qualite-de-vie-des-citoyens\\\/#primaryimage\"},\"thumbnailUrl\":\"https:\\\/\\\/blackandmcdonald.com\\\/wp-content\\\/uploads\\\/Blog_Post_fr-Leveraging_data_to_improve_quality_of_life-1.jpg\",\"datePublished\":\"2020-09-01T12:00:00+00:00\",\"dateModified\":\"2025-07-14T15:43:23+00:00\",\"description\":\"When people are talking about the smart city, what do they mean? What is it and what will it mean for property and facility managers? The McKinsey Global\",\"breadcrumb\":{\"@id\":\"https:\\\/\\\/blackandmcdonald.com\\\/fr\\\/villes-intelligentes-tirer-parti-des-donnees-pour-ameliorer-la-qualite-de-vie-des-citoyens\\\/#breadcrumb\"},\"inLanguage\":\"fr-CA\",\"potentialAction\":[{\"@type\":\"ReadAction\",\"target\":[\"https:\\\/\\\/blackandmcdonald.com\\\/fr\\\/villes-intelligentes-tirer-parti-des-donnees-pour-ameliorer-la-qualite-de-vie-des-citoyens\\\/\"]}]},{\"@type\":\"ImageObject\",\"inLanguage\":\"fr-CA\",\"@id\":\"https:\\\/\\\/blackandmcdonald.com\\\/fr\\\/villes-intelligentes-tirer-parti-des-donnees-pour-ameliorer-la-qualite-de-vie-des-citoyens\\\/#primaryimage\",\"url\":\"https:\\\/\\\/blackandmcdonald.com\\\/wp-content\\\/uploads\\\/Blog_Post_fr-Leveraging_data_to_improve_quality_of_life-1.jpg\",\"contentUrl\":\"https:\\\/\\\/blackandmcdonald.com\\\/wp-content\\\/uploads\\\/Blog_Post_fr-Leveraging_data_to_improve_quality_of_life-1.jpg\",\"width\":1920,\"height\":1080},{\"@type\":\"BreadcrumbList\",\"@id\":\"https:\\\/\\\/blackandmcdonald.com\\\/fr\\\/villes-intelligentes-tirer-parti-des-donnees-pour-ameliorer-la-qualite-de-vie-des-citoyens\\\/#breadcrumb\",\"itemListElement\":[{\"@type\":\"ListItem\",\"position\":1,\"name\":\"Home\",\"item\":\"https:\\\/\\\/blackandmcdonald.com\\\/fr\\\/\"},{\"@type\":\"ListItem\",\"position\":2,\"name\":\"Villes intelligentes : tirer parti des donn\u00e9es pour am\u00e9liorer la qualit\u00e9 de vie des citoyens\"}]},{\"@type\":\"WebSite\",\"@id\":\"https:\\\/\\\/blackandmcdonald.com\\\/#website\",\"url\":\"https:\\\/\\\/blackandmcdonald.com\\\/\",\"name\":\"Black & McDonald\",\"description\":\"\",\"publisher\":{\"@id\":\"https:\\\/\\\/blackandmcdonald.com\\\/#organization\"},\"potentialAction\":[{\"@type\":\"SearchAction\",\"target\":{\"@type\":\"EntryPoint\",\"urlTemplate\":\"https:\\\/\\\/blackandmcdonald.com\\\/?s={search_term_string}\"},\"query-input\":{\"@type\":\"PropertyValueSpecification\",\"valueRequired\":true,\"valueName\":\"search_term_string\"}}],\"inLanguage\":\"fr-CA\"},{\"@type\":\"Organization\",\"@id\":\"https:\\\/\\\/blackandmcdonald.com\\\/#organization\",\"name\":\"Black & McDonald\",\"url\":\"https:\\\/\\\/blackandmcdonald.com\\\/\",\"logo\":{\"@type\":\"ImageObject\",\"inLanguage\":\"fr-CA\",\"@id\":\"https:\\\/\\\/blackandmcdonald.com\\\/#\\\/schema\\\/logo\\\/image\\\/\",\"url\":\"https:\\\/\\\/blackandmcdonald.com\\\/wp-content\\\/uploads\\\/2020\\\/05\\\/BlackMcDonald_Logo.png\",\"contentUrl\":\"https:\\\/\\\/blackandmcdonald.com\\\/wp-content\\\/uploads\\\/2020\\\/05\\\/BlackMcDonald_Logo.png\",\"width\":1633,\"height\":844,\"caption\":\"Black & McDonald\"},\"image\":{\"@id\":\"https:\\\/\\\/blackandmcdonald.com\\\/#\\\/schema\\\/logo\\\/image\\\/\"},\"sameAs\":[\"https:\\\/\\\/www.facebook.com\\\/BlackandMcDonald\",\"https:\\\/\\\/x.com\\\/bandmlimited\",\"https:\\\/\\\/www.instagram.com\\\/blackandmcdonald\\\/\",\"https:\\\/\\\/www.linkedin.com\\\/company\\\/black-&amp;-mcdonald-limited\",\"https:\\\/\\\/www.youtube.com\\\/user\\\/blackmcdonaldchannel\"]},{\"@type\":\"Person\",\"@id\":\"https:\\\/\\\/blackandmcdonald.com\\\/#\\\/schema\\\/person\\\/31f17cb3ca3b546cdce014ac6696106d\",\"name\":\"Tareq Ali\",\"image\":{\"@type\":\"ImageObject\",\"inLanguage\":\"fr-CA\",\"@id\":\"https:\\\/\\\/secure.gravatar.com\\\/avatar\\\/b0120496b4a097f822768df4ceda2e17d41e4ec547261cafa8f513b6aa420272?s=96&d=mm&r=g\",\"url\":\"https:\\\/\\\/secure.gravatar.com\\\/avatar\\\/b0120496b4a097f822768df4ceda2e17d41e4ec547261cafa8f513b6aa420272?s=96&d=mm&r=g\",\"contentUrl\":\"https:\\\/\\\/secure.gravatar.com\\\/avatar\\\/b0120496b4a097f822768df4ceda2e17d41e4ec547261cafa8f513b6aa420272?s=96&d=mm&r=g\",\"caption\":\"Tareq Ali\"}}]}<\/script>\n<!-- \/ Yoast SEO Premium plugin. -->","yoast_head_json":{"title":"Villes intelligentes : tirer parti des donn\u00e9es pour am\u00e9liorer la qualit\u00e9 de vie des citoyens | Black & McDonald","description":"When people are talking about the smart city, what do they mean? What is it and what will it mean for property and facility managers? The McKinsey Global","robots":{"index":"index","follow":"follow","max-snippet":"max-snippet:-1","max-image-preview":"max-image-preview:large","max-video-preview":"max-video-preview:-1"},"canonical":"https:\/\/blackandmcdonald.com\/fr\/villes-intelligentes-tirer-parti-des-donnees-pour-ameliorer-la-qualite-de-vie-des-citoyens\/","og_locale":"fr_CA","og_type":"article","og_title":"Villes intelligentes : tirer parti des donn\u00e9es pour am\u00e9liorer la qualit\u00e9 de vie des citoyens","og_description":"When people are talking about the smart city, what do they mean? What is it and what will it mean for property and facility managers? The McKinsey Global","og_url":"https:\/\/blackandmcdonald.com\/fr\/villes-intelligentes-tirer-parti-des-donnees-pour-ameliorer-la-qualite-de-vie-des-citoyens\/","og_site_name":"Black &amp; McDonald","article_publisher":"https:\/\/www.facebook.com\/BlackandMcDonald","article_published_time":"2020-09-01T12:00:00+00:00","article_modified_time":"2025-07-14T15:43:23+00:00","og_image":[{"width":1920,"height":1080,"url":"https:\/\/blackandmcdonald.com\/wp-content\/uploads\/Blog_Post_fr-Leveraging_data_to_improve_quality_of_life-1.jpg","type":"image\/jpeg"}],"author":"Tareq Ali","twitter_card":"summary_large_image","twitter_creator":"@bandmlimited","twitter_site":"@bandmlimited","twitter_misc":{"\u00c9crit par":"Tareq Ali","Estimation du temps de lecture":"2 minutes"},"schema":{"@context":"https:\/\/schema.org","@graph":[{"@type":"Article","@id":"https:\/\/blackandmcdonald.com\/fr\/villes-intelligentes-tirer-parti-des-donnees-pour-ameliorer-la-qualite-de-vie-des-citoyens\/#article","isPartOf":{"@id":"https:\/\/blackandmcdonald.com\/fr\/villes-intelligentes-tirer-parti-des-donnees-pour-ameliorer-la-qualite-de-vie-des-citoyens\/"},"author":{"name":"Tareq Ali","@id":"https:\/\/blackandmcdonald.com\/#\/schema\/person\/31f17cb3ca3b546cdce014ac6696106d"},"headline":"Villes intelligentes : tirer parti des donn\u00e9es pour am\u00e9liorer la qualit\u00e9 de vie des citoyens","datePublished":"2020-09-01T12:00:00+00:00","dateModified":"2025-07-14T15:43:23+00:00","mainEntityOfPage":{"@id":"https:\/\/blackandmcdonald.com\/fr\/villes-intelligentes-tirer-parti-des-donnees-pour-ameliorer-la-qualite-de-vie-des-citoyens\/"},"wordCount":357,"publisher":{"@id":"https:\/\/blackandmcdonald.com\/#organization"},"image":{"@id":"https:\/\/blackandmcdonald.com\/fr\/villes-intelligentes-tirer-parti-des-donnees-pour-ameliorer-la-qualite-de-vie-des-citoyens\/#primaryimage"},"thumbnailUrl":"https:\/\/blackandmcdonald.com\/wp-content\/uploads\/Blog_Post_fr-Leveraging_data_to_improve_quality_of_life-1.jpg","keywords":["\u00c9nergie verte","Gestion de l\u2019\u00e9nergie","Optimisation de l\u2019\u00e9nergie des b\u00e2timents","Villes intelligentes"],"articleSection":["Services \u00e9nerg\u00e9tiques et de d\u00e9veloppement durable"],"inLanguage":"fr-CA"},{"@type":"WebPage","@id":"https:\/\/blackandmcdonald.com\/fr\/villes-intelligentes-tirer-parti-des-donnees-pour-ameliorer-la-qualite-de-vie-des-citoyens\/","url":"https:\/\/blackandmcdonald.com\/fr\/villes-intelligentes-tirer-parti-des-donnees-pour-ameliorer-la-qualite-de-vie-des-citoyens\/","name":"Villes intelligentes : tirer parti des donn\u00e9es pour am\u00e9liorer la qualit\u00e9 de vie des citoyens | Black & McDonald","isPartOf":{"@id":"https:\/\/blackandmcdonald.com\/#website"},"primaryImageOfPage":{"@id":"https:\/\/blackandmcdonald.com\/fr\/villes-intelligentes-tirer-parti-des-donnees-pour-ameliorer-la-qualite-de-vie-des-citoyens\/#primaryimage"},"image":{"@id":"https:\/\/blackandmcdonald.com\/fr\/villes-intelligentes-tirer-parti-des-donnees-pour-ameliorer-la-qualite-de-vie-des-citoyens\/#primaryimage"},"thumbnailUrl":"https:\/\/blackandmcdonald.com\/wp-content\/uploads\/Blog_Post_fr-Leveraging_data_to_improve_quality_of_life-1.jpg","datePublished":"2020-09-01T12:00:00+00:00","dateModified":"2025-07-14T15:43:23+00:00","description":"When people are talking about the smart city, what do they mean? What is it and what will it mean for property and facility managers? The McKinsey Global","breadcrumb":{"@id":"https:\/\/blackandmcdonald.com\/fr\/villes-intelligentes-tirer-parti-des-donnees-pour-ameliorer-la-qualite-de-vie-des-citoyens\/#breadcrumb"},"inLanguage":"fr-CA","potentialAction":[{"@type":"ReadAction","target":["https:\/\/blackandmcdonald.com\/fr\/villes-intelligentes-tirer-parti-des-donnees-pour-ameliorer-la-qualite-de-vie-des-citoyens\/"]}]},{"@type":"ImageObject","inLanguage":"fr-CA","@id":"https:\/\/blackandmcdonald.com\/fr\/villes-intelligentes-tirer-parti-des-donnees-pour-ameliorer-la-qualite-de-vie-des-citoyens\/#primaryimage","url":"https:\/\/blackandmcdonald.com\/wp-content\/uploads\/Blog_Post_fr-Leveraging_data_to_improve_quality_of_life-1.jpg","contentUrl":"https:\/\/blackandmcdonald.com\/wp-content\/uploads\/Blog_Post_fr-Leveraging_data_to_improve_quality_of_life-1.jpg","width":1920,"height":1080},{"@type":"BreadcrumbList","@id":"https:\/\/blackandmcdonald.com\/fr\/villes-intelligentes-tirer-parti-des-donnees-pour-ameliorer-la-qualite-de-vie-des-citoyens\/#breadcrumb","itemListElement":[{"@type":"ListItem","position":1,"name":"Home","item":"https:\/\/blackandmcdonald.com\/fr\/"},{"@type":"ListItem","position":2,"name":"Villes intelligentes : tirer parti des donn\u00e9es pour am\u00e9liorer la qualit\u00e9 de vie des citoyens"}]},{"@type":"WebSite","@id":"https:\/\/blackandmcdonald.com\/#website","url":"https:\/\/blackandmcdonald.com\/","name":"Black & McDonald","description":"","publisher":{"@id":"https:\/\/blackandmcdonald.com\/#organization"},"potentialAction":[{"@type":"SearchAction","target":{"@type":"EntryPoint","urlTemplate":"https:\/\/blackandmcdonald.com\/?s={search_term_string}"},"query-input":{"@type":"PropertyValueSpecification","valueRequired":true,"valueName":"search_term_string"}}],"inLanguage":"fr-CA"},{"@type":"Organization","@id":"https:\/\/blackandmcdonald.com\/#organization","name":"Black & McDonald","url":"https:\/\/blackandmcdonald.com\/","logo":{"@type":"ImageObject","inLanguage":"fr-CA","@id":"https:\/\/blackandmcdonald.com\/#\/schema\/logo\/image\/","url":"https:\/\/blackandmcdonald.com\/wp-content\/uploads\/2020\/05\/BlackMcDonald_Logo.png","contentUrl":"https:\/\/blackandmcdonald.com\/wp-content\/uploads\/2020\/05\/BlackMcDonald_Logo.png","width":1633,"height":844,"caption":"Black & McDonald"},"image":{"@id":"https:\/\/blackandmcdonald.com\/#\/schema\/logo\/image\/"},"sameAs":["https:\/\/www.facebook.com\/BlackandMcDonald","https:\/\/x.com\/bandmlimited","https:\/\/www.instagram.com\/blackandmcdonald\/","https:\/\/www.linkedin.com\/company\/black-&amp;-mcdonald-limited","https:\/\/www.youtube.com\/user\/blackmcdonaldchannel"]},{"@type":"Person","@id":"https:\/\/blackandmcdonald.com\/#\/schema\/person\/31f17cb3ca3b546cdce014ac6696106d","name":"Tareq Ali","image":{"@type":"ImageObject","inLanguage":"fr-CA","@id":"https:\/\/secure.gravatar.com\/avatar\/b0120496b4a097f822768df4ceda2e17d41e4ec547261cafa8f513b6aa420272?s=96&d=mm&r=g","url":"https:\/\/secure.gravatar.com\/avatar\/b0120496b4a097f822768df4ceda2e17d41e4ec547261cafa8f513b6aa420272?s=96&d=mm&r=g","contentUrl":"https:\/\/secure.gravatar.com\/avatar\/b0120496b4a097f822768df4ceda2e17d41e4ec547261cafa8f513b6aa420272?s=96&d=mm&r=g","caption":"Tareq Ali"}}]}},"_links":{"self":[{"href":"https:\/\/blackandmcdonald.com\/fr\/wp-json\/wp\/v2\/posts\/3835","targetHints":{"allow":["GET"]}}],"collection":[{"href":"https:\/\/blackandmcdonald.com\/fr\/wp-json\/wp\/v2\/posts"}],"about":[{"href":"https:\/\/blackandmcdonald.com\/fr\/wp-json\/wp\/v2\/types\/post"}],"author":[{"embeddable":true,"href":"https:\/\/blackandmcdonald.com\/fr\/wp-json\/wp\/v2\/users\/11"}],"replies":[{"embeddable":true,"href":"https:\/\/blackandmcdonald.com\/fr\/wp-json\/wp\/v2\/comments?post=3835"}],"version-history":[{"count":0,"href":"https:\/\/blackandmcdonald.com\/fr\/wp-json\/wp\/v2\/posts\/3835\/revisions"}],"wp:featuredmedia":[{"embeddable":true,"href":"https:\/\/blackandmcdonald.com\/fr\/wp-json\/wp\/v2\/media\/18336"}],"wp:attachment":[{"href":"https:\/\/blackandmcdonald.com\/fr\/wp-json\/wp\/v2\/media?parent=3835"}],"wp:term":[{"taxonomy":"category","embeddable":true,"href":"https:\/\/blackandmcdonald.com\/fr\/wp-json\/wp\/v2\/categories?post=3835"},{"taxonomy":"post_tag","embeddable":true,"href":"https:\/\/blackandmcdonald.com\/fr\/wp-json\/wp\/v2\/tags?post=3835"}],"curies":[{"name":"wp","href":"https:\/\/api.w.org\/{rel}","templated":true}]}}