{"id":13453,"date":"2023-08-15T14:13:00","date_gmt":"2023-08-15T18:13:00","guid":{"rendered":"https:\/\/blacmcstaging.wpengine.com\/?p=13453"},"modified":"2025-06-24T10:54:38","modified_gmt":"2025-06-24T14:54:38","slug":"la-saison-des-incendies-de-foret-au-canada-souligne-limportance-de-la-qai-qualite-de-lair-interieur","status":"publish","type":"post","link":"https:\/\/blackandmcdonald.com\/fr\/la-saison-des-incendies-de-foret-au-canada-souligne-limportance-de-la-qai-qualite-de-lair-interieur\/","title":{"rendered":"La saison des incendies de for\u00eat au Canada souligne l\u2019importance de la QAI (qualit\u00e9 de l\u2019air int\u00e9rieur)"},"content":{"rendered":"\n<p>Tandis que les feux de for\u00eat continuent de faire rage au Canada, entra\u00eenant des risques alarmants pour les habitations et les b\u00e2timents, <a href=\"https:\/\/cwfis.cfs.nrcan.gc.ca\/rapport\">plus de 15&nbsp;millions d\u2019hectares<\/a>&nbsp;sont partis en fum\u00e9e cette ann\u00e9e, pulv\u00e9risant le pr\u00e9c\u00e9dent record de 7,6&nbsp;millions d\u2019hectares en&nbsp;1989 ainsi que la moyenne d\u00e9cennale de 2,5&nbsp;millions d\u2019hectares.<\/p>\n\n\n\n<p>Les propri\u00e9taires et les gestionnaires d\u2019immeubles doivent accorder une attention particuli\u00e8re \u00e0 cette tendance, car des niveaux dangereux de polluants atmosph\u00e9riques peuvent s\u2019infiltrer dans les espaces de bureaux int\u00e9rieurs et nuire \u00e0 la sant\u00e9 et au bien-\u00eatre de leurs occupants. Les feux de for\u00eat \u00e9mettent une quantit\u00e9 importante de polluants atmosph\u00e9riques, tels que de la fum\u00e9e et des particules, qui peuvent \u00eatre transport\u00e9s sur de tr\u00e8s grandes distances.<\/p>\n\n\n\n<p>Les particules fines ou PM2,5 provenant des feux de for\u00eat sont des particules microplastiques suffisamment petites pour p\u00e9n\u00e9trer dans le syst\u00e8me respiratoire. Combin\u00e9es aux autres compos\u00e9s chimiques \u00e9mis par les incendies de for\u00eat, tels que le monoxyde de carbone&nbsp;(CO), les oxydes d\u2019azote&nbsp;(NOx) et les hydrocarbures aromatiques polycycliques&nbsp;(HAP), ces particules peuvent avoir de graves effets sur la sant\u00e9, allant de l\u2019irritation des yeux et de la gorge aux probl\u00e8mes cardiovasculaires.<\/p>\n\n\n\n<p><strong><em>Compte tenu de tous ces risques, comment les propri\u00e9taires et les gestionnaires d\u2019immeubles peuvent-ils s\u2019attaquer \u00e0 ces nouveaux probl\u00e8mes de qualit\u00e9 de l\u2019air persistants dans leurs immeubles et leurs lieux de travail?<\/em><\/strong><\/p>\n\n\n\n<p>Tout d\u2019abord, pour s\u2019attaquer ad\u00e9quatement aux probl\u00e8mes de mauvaise qualit\u00e9 de l\u2019air, il faut bien comprendre ce que l\u2019on entend par qualit\u00e9 de l\u2019air int\u00e9rieur&nbsp;(QAI) en milieu de travail.&nbsp;Selon <a href=\"https:\/\/iaqresource.ca\/fr\/\"><strong>le Comit\u00e9 canadien sur la qualit\u00e9 de l\u2019air int\u00e9rieur et des b\u00e2timents<\/strong><\/a>, un environnement int\u00e9rieur sain en est un qui contribue \u00e0 la productivit\u00e9, au confort et \u00e0 un sentiment de sant\u00e9 et de bien-\u00eatre.<\/p>\n\n\n\n<p>Le <a href=\"https:\/\/www.cchst.ca\/oshanswers\/chemicals\/iaq\/iaq_intro.html#section-1-hdr\">Centre canadien d\u2019hygi\u00e8ne et de s\u00e9curit\u00e9 au travail<\/a> affirme qu\u2019une bonne&nbsp;QAI comprendra un air qui: &nbsp;<\/p>\n\n\n\n<ul class=\"wp-block-list\">\n<li>est exempt de niveaux inacceptables de contaminants, comme les produits chimiques et les produits connexes, les gaz, les vapeurs, les poussi\u00e8res, les moisissures, les champignons, les bact\u00e9ries, les odeurs, etc.<\/li>\n\n\n\n<li>offre un environnement int\u00e9rieur confortable, notamment en termes de temp\u00e9rature, d\u2019humidit\u00e9, de circulation de l\u2019air, d\u2019apport suffisant d\u2019air ext\u00e9rieur, etc.<\/li>\n<\/ul>\n\n\n\n<p>Le maintien d\u2019une bonne qualit\u00e9 de l\u2019air exige des efforts continus de la part du personnel du b\u00e2timent et des occupants.<\/p>\n\n\n\n<div class=\"wp-block-media-text has-media-on-the-right is-stacked-on-mobile\"><div class=\"wp-block-media-text__content\">\n<p><strong><em>Comment am\u00e9liorer la&nbsp;QAI de vos installations pendant les saisons o\u00f9 la qualit\u00e9 de l\u2019air ext\u00e9rieur est mauvaise?<\/em><\/strong><\/p>\n\n\n\n<p>Pour prot\u00e9ger et pr\u00e9server la\u00a0QAI de leurs immeubles, en particulier pendant les saisons o\u00f9 la qualit\u00e9 de l\u2019air ext\u00e9rieur est mauvaise, les propri\u00e9taires doivent tester et contr\u00f4ler en permanence la qualit\u00e9 de l\u2019air int\u00e9rieur, notamment en s\u2019assurant que leurs syst\u00e8mes de chauffage, de ventilation et de conditionnement d\u2019air\u00a0(CVCA) fonctionnent de mani\u00e8re optimale.<\/p>\n<\/div><figure class=\"wp-block-media-text__media\"><img loading=\"lazy\" decoding=\"async\" width=\"1024\" height=\"691\" src=\"https:\/\/blackandmcdonald.com\/wp-content\/uploads\/Forest-Fire-Particle-Illustration-1024x691.png\" alt=\"\" class=\"wp-image-11891 size-full\" srcset=\"https:\/\/blackandmcdonald.com\/wp-content\/uploads\/Forest-Fire-Particle-Illustration-1024x691.png 1024w, https:\/\/blackandmcdonald.com\/wp-content\/uploads\/Forest-Fire-Particle-Illustration-300x202.png 300w, https:\/\/blackandmcdonald.com\/wp-content\/uploads\/Forest-Fire-Particle-Illustration-768x518.png 768w, https:\/\/blackandmcdonald.com\/wp-content\/uploads\/Forest-Fire-Particle-Illustration-1536x1036.png 1536w, https:\/\/blackandmcdonald.com\/wp-content\/uploads\/Forest-Fire-Particle-Illustration-2048x1382.png 2048w, https:\/\/blackandmcdonald.com\/wp-content\/uploads\/Forest-Fire-Particle-Illustration-690x466.png 690w, https:\/\/blackandmcdonald.com\/wp-content\/uploads\/Forest-Fire-Particle-Illustration-2000x1349.png 2000w\" sizes=\"auto, (max-width: 1024px) 100vw, 1024px\" \/><\/figure><\/div>\n\n\n\n<p><\/p>\n\n\n\n<p>La premi\u00e8re \u00e9tape de toute bonne \u00e9valuation de la\u00a0QAI devrait pr\u00e9voir les \u00e9l\u00e9ments suivants:<\/p>\n\n\n\n<ul class=\"wp-block-list\">\n<li>une inspection visuelle pour rep\u00e9rer toute condition susceptible d\u2019avoir une incidence sur la&nbsp;QAI;&nbsp;<\/li>\n\n\n\n<li>une v\u00e9rification de la distribution de l\u2019air fourni et repris, et un examen des activit\u00e9s des occupants, des pratiques d\u2019entretien m\u00e9nager, des mat\u00e9riaux de construction et de l\u2019ameublement, qui sont des facteurs susceptibles d\u2019influencer les exigences \u00e0 respecter en mati\u00e8re d\u2019air int\u00e9rieur;<\/li>\n\n\n\n<li>des mesures ponctuelles de la temp\u00e9rature, de l\u2019humidit\u00e9, du CO<sub>2<\/sub> et du CO, des PM<sub>2,5<\/sub>, etc. et un \u00e9chantillonnage de l\u2019air pour les moisissures.<\/li>\n<\/ul>\n\n\n\n<p>Une fois l\u2019\u00e9valuation initiale effectu\u00e9e, il est possible d\u2019approfondir l\u2019examen afin d\u2019\u00e9liminer les inefficacit\u00e9s potentielles du syst\u00e8me&nbsp;CVCA, notamment les \u00e9l\u00e9ments suivants&nbsp;:<\/p>\n\n\n\n<ul class=\"wp-block-list\">\n<li><strong>Filtration<\/strong>&nbsp;: Les syst\u00e8mes&nbsp;CVCA actuels utilisent-ils des filtres \u00e0 haute efficacit\u00e9 pour capturer la poussi\u00e8re, le pollen et d\u2019autres particules en suspension dans l\u2019air? Une filtration appropri\u00e9e \u00e9limine les contaminants et r\u00e9duit la pr\u00e9sence d\u2019allerg\u00e8nes dans l\u2019air, ce qui am\u00e9liore consid\u00e9rablement la&nbsp;QAI.<\/li>\n\n\n\n<li><strong>Circulation<\/strong>&nbsp;: Les syst\u00e8mes&nbsp;CVCA sont-ils r\u00e9gl\u00e9s de mani\u00e8re \u00e0 assurer une bonne circulation d\u2019air propre dans les diff\u00e9rents espaces du b\u00e2timent? Lorsque la qualit\u00e9 de l\u2019air ext\u00e9rieur est mauvaise, les syst\u00e8mes&nbsp;CVCA doivent \u00eatre r\u00e9gl\u00e9s de mani\u00e8re \u00e0 maintenir une ventilation ad\u00e9quate, sans laisser l\u2019air ext\u00e9rieur circuler avec l\u2019air int\u00e9rieur propre.<\/li>\n\n\n\n<li><strong>Purification&nbsp;:<\/strong> Les syst\u00e8mes&nbsp;CVCA actuels int\u00e8grent-ils des technologies de purification de l\u2019air telles que des lampes germicides UV-C ou des purificateurs d\u2019air \u00e9lectroniques? Ces types d\u2019\u00e9quipements ciblent et \u00e9liminent, ou capturent les micro-organismes dangereux, les bact\u00e9ries et d\u2019autres virus afin d\u2019am\u00e9liorer la&nbsp;QAI.<\/li>\n\n\n\n<li><strong>Contr\u00f4le de la temp\u00e9rature et de l\u2019humidit\u00e9<\/strong>&nbsp;: Surveillez-vous et r\u00e9gulez-vous l\u2019humidit\u00e9 de l\u2019air afin d\u2019emp\u00eacher le d\u00e9veloppement de moisissures et d\u2019autres probl\u00e8mes qui peuvent avoir un impact sur la&nbsp;QAI? Des syst\u00e8mes&nbsp;CVCA bien r\u00e9gl\u00e9s contr\u00f4lent la temp\u00e9rature et l\u2019humidit\u00e9 \u00e0 l\u2019int\u00e9rieur des espaces pour contribuer au confort et au bien-\u00eatre g\u00e9n\u00e9ral des occupants.<\/li>\n<\/ul>\n\n\n\n<p>En tant que <a href=\"mailto:facilityserviceinquiries@blackandmcdonald.com.\">fournisseur de services aux installations<\/a> r\u00e9put\u00e9, nous pouvons vous aider \u00e0 vous assurer que vos syst\u00e8mes&nbsp;CVCA sont r\u00e9guli\u00e8rement surveill\u00e9s, entretenus et nettoy\u00e9s afin de garantir un fonctionnement constant et optimal. Bien que ces syst\u00e8mes puissent \u00eatre complexes, ils sont essentiels \u00e0 la&nbsp;QAI d\u2019un b\u00e2timent, et leur installation et leur entretien sont indispensables \u00e0 la cr\u00e9ation d\u2019un environnement int\u00e9rieur sain.<\/p>\n\n\n\n<figure class=\"wp-block-image size-large\"><img loading=\"lazy\" decoding=\"async\" width=\"1024\" height=\"694\" src=\"https:\/\/blackandmcdonald.com\/wp-content\/uploads\/SJKS015-1024x694.jpg\" alt=\"\" class=\"wp-image-11889\" srcset=\"https:\/\/blackandmcdonald.com\/wp-content\/uploads\/SJKS015-1024x694.jpg 1024w, https:\/\/blackandmcdonald.com\/wp-content\/uploads\/SJKS015-300x203.jpg 300w, https:\/\/blackandmcdonald.com\/wp-content\/uploads\/SJKS015-768x521.jpg 768w, https:\/\/blackandmcdonald.com\/wp-content\/uploads\/SJKS015-1536x1041.jpg 1536w, https:\/\/blackandmcdonald.com\/wp-content\/uploads\/SJKS015-2048x1388.jpg 2048w, https:\/\/blackandmcdonald.com\/wp-content\/uploads\/SJKS015-690x468.jpg 690w, https:\/\/blackandmcdonald.com\/wp-content\/uploads\/SJKS015-2000x1356.jpg 2000w\" sizes=\"auto, (max-width: 1024px) 100vw, 1024px\" \/><\/figure>\n\n\n\n<p><\/p>\n\n\n\n<p><strong><em>Quels sont les risques li\u00e9s \u00e0 une mauvaise gestion de la&nbsp;QAI?<\/em><\/strong><\/p>\n\n\n\n<p>Une d\u00e9gradation de la&nbsp;QAI ne fait pas que favoriser l\u2019inconfort, elle devient une porte d\u2019entr\u00e9e pour de graves complications respiratoires, des allergies, de la fatigue et d\u2019autres probl\u00e8mes de sant\u00e9 invalidants.<\/p>\n\n\n\n<p>Ces complications cr\u00e9ent \u00e9galement des risques pour les occupants \u00e2g\u00e9s de plus de 65&nbsp;ans, les femmes enceintes et les personnes souffrant de maladies cardiovasculaires et cardiaques, d\u2019asthme et de bronchopneumopathie chronique obstructive&nbsp;(BPCO), qui sont plus sensibles \u00e0 une mauvaise qualit\u00e9 de l\u2019air int\u00e9rieur.<\/p>\n\n\n\n<p>Ne consid\u00e9rez pas la qualit\u00e9 de l\u2019air que vous respirez comme allant de soi. Accordez la priorit\u00e9 \u00e0 la qualit\u00e9 de l\u2019air int\u00e9rieur de vos installations en communiquant avec les Services aux installations de Black&nbsp;&amp;&nbsp;McDonald \u00e0 l\u2019adresse <a href=\"mailto:facilityserviceinquiries@blackandmcdonald.com\">facilityserviceinquiries@blackandmcdonald.com<\/a>.<\/p>\n","protected":false},"excerpt":{"rendered":"<p>Tandis que les feux de for\u00eat continuent de faire rage au Canada, entra\u00eenant des risques alarmants pour les habitations et les b\u00e2timents, plus de [&hellip;]<\/p>\n","protected":false},"author":3,"featured_media":11895,"comment_status":"closed","ping_status":"closed","sticky":false,"template":"","format":"standard","meta":{"_acf_changed":false,"inline_featured_image":false,"footnotes":""},"categories":[100],"tags":[106,108,115,105,104,109],"class_list":["post-13453","post","type-post","status-publish","format-standard","has-post-thumbnail","hentry","category-services-aux-installations","tag-entretien-des-installations","tag-entretien-predictif","tag-gestion-des-installations","tag-gestion-et-exploitation-des-installations","tag-services-aux-installations","tag-systemes-de-batiments-intelligents"],"acf":[],"yoast_head":"<!-- This site is optimized with the Yoast SEO Premium plugin v27.5 (Yoast SEO v27.5) - https:\/\/yoast.com\/product\/yoast-seo-premium-wordpress\/ -->\n<title>La saison des incendies de for\u00eat au Canada souligne l\u2019importance de la QAI (qualit\u00e9 de l\u2019air int\u00e9rieur) | Black &amp; McDonald<\/title>\n<meta name=\"description\" content=\"Tandis que les feux de for\u00eat continuent de faire rage au Canada, entra\u00eenant des risques alarmants pour les habitations et les b\u00e2timents, plus de\" \/>\n<meta name=\"robots\" content=\"index, follow, max-snippet:-1, max-image-preview:large, max-video-preview:-1\" \/>\n<link rel=\"canonical\" href=\"https:\/\/blackandmcdonald.com\/fr\/la-saison-des-incendies-de-foret-au-canada-souligne-limportance-de-la-qai-qualite-de-lair-interieur\/\" \/>\n<meta property=\"og:locale\" content=\"fr_CA\" \/>\n<meta property=\"og:type\" content=\"article\" \/>\n<meta property=\"og:title\" content=\"La saison des incendies de for\u00eat au Canada souligne l\u2019importance de la QAI (qualit\u00e9 de l\u2019air int\u00e9rieur)\" \/>\n<meta property=\"og:description\" content=\"Tandis que les feux de for\u00eat continuent de faire rage au Canada, entra\u00eenant des risques alarmants pour les habitations et les b\u00e2timents, plus de\" \/>\n<meta property=\"og:url\" content=\"https:\/\/blackandmcdonald.com\/fr\/la-saison-des-incendies-de-foret-au-canada-souligne-limportance-de-la-qai-qualite-de-lair-interieur\/\" \/>\n<meta property=\"og:site_name\" content=\"Black &amp; McDonald\" \/>\n<meta property=\"article:publisher\" content=\"https:\/\/www.facebook.com\/BlackandMcDonald\" \/>\n<meta property=\"article:published_time\" content=\"2023-08-15T18:13:00+00:00\" \/>\n<meta property=\"article:modified_time\" content=\"2025-06-24T14:54:38+00:00\" \/>\n<meta property=\"og:image\" content=\"https:\/\/blackandmcdonald.com\/wp-content\/uploads\/AdobeStock_406186389-scaled.jpeg\" \/>\n\t<meta property=\"og:image:width\" content=\"2560\" \/>\n\t<meta property=\"og:image:height\" content=\"1709\" \/>\n\t<meta property=\"og:image:type\" content=\"image\/jpeg\" \/>\n<meta name=\"author\" content=\"Sonu Singh\" \/>\n<meta name=\"twitter:card\" content=\"summary_large_image\" \/>\n<meta name=\"twitter:creator\" content=\"@bandmlimited\" \/>\n<meta name=\"twitter:site\" content=\"@bandmlimited\" \/>\n<meta name=\"twitter:label1\" content=\"\u00c9crit par\" \/>\n\t<meta name=\"twitter:data1\" content=\"Sonu Singh\" \/>\n\t<meta name=\"twitter:label2\" content=\"Estimation du temps de lecture\" \/>\n\t<meta name=\"twitter:data2\" content=\"5 minutes\" \/>\n<script type=\"application\/ld+json\" class=\"yoast-schema-graph\">{\"@context\":\"https:\\\/\\\/schema.org\",\"@graph\":[{\"@type\":\"Article\",\"@id\":\"https:\\\/\\\/blackandmcdonald.com\\\/fr\\\/la-saison-des-incendies-de-foret-au-canada-souligne-limportance-de-la-qai-qualite-de-lair-interieur\\\/#article\",\"isPartOf\":{\"@id\":\"https:\\\/\\\/blackandmcdonald.com\\\/fr\\\/la-saison-des-incendies-de-foret-au-canada-souligne-limportance-de-la-qai-qualite-de-lair-interieur\\\/\"},\"author\":{\"name\":\"Sonu Singh\",\"@id\":\"https:\\\/\\\/blackandmcdonald.com\\\/#\\\/schema\\\/person\\\/516fedc5ee878412ff394f1c71effa04\"},\"headline\":\"La saison des incendies de for\u00eat au Canada souligne l\u2019importance de la QAI (qualit\u00e9 de l\u2019air int\u00e9rieur)\",\"datePublished\":\"2023-08-15T18:13:00+00:00\",\"dateModified\":\"2025-06-24T14:54:38+00:00\",\"mainEntityOfPage\":{\"@id\":\"https:\\\/\\\/blackandmcdonald.com\\\/fr\\\/la-saison-des-incendies-de-foret-au-canada-souligne-limportance-de-la-qai-qualite-de-lair-interieur\\\/\"},\"wordCount\":1189,\"publisher\":{\"@id\":\"https:\\\/\\\/blackandmcdonald.com\\\/#organization\"},\"image\":{\"@id\":\"https:\\\/\\\/blackandmcdonald.com\\\/fr\\\/la-saison-des-incendies-de-foret-au-canada-souligne-limportance-de-la-qai-qualite-de-lair-interieur\\\/#primaryimage\"},\"thumbnailUrl\":\"https:\\\/\\\/blackandmcdonald.com\\\/wp-content\\\/uploads\\\/AdobeStock_406186389-scaled.jpeg\",\"keywords\":[\"Entretien des installations\",\"Entretien pr\u00e9dictif\",\"Gestion des installations\",\"Gestion et exploitation des installations\",\"Services aux installations\",\"Syst\u00e8mes de b\u00e2timents intelligents\"],\"articleSection\":[\"Services aux installations\"],\"inLanguage\":\"fr-CA\"},{\"@type\":\"WebPage\",\"@id\":\"https:\\\/\\\/blackandmcdonald.com\\\/fr\\\/la-saison-des-incendies-de-foret-au-canada-souligne-limportance-de-la-qai-qualite-de-lair-interieur\\\/\",\"url\":\"https:\\\/\\\/blackandmcdonald.com\\\/fr\\\/la-saison-des-incendies-de-foret-au-canada-souligne-limportance-de-la-qai-qualite-de-lair-interieur\\\/\",\"name\":\"La saison des incendies de for\u00eat au Canada souligne l\u2019importance de la QAI (qualit\u00e9 de l\u2019air int\u00e9rieur) | Black & McDonald\",\"isPartOf\":{\"@id\":\"https:\\\/\\\/blackandmcdonald.com\\\/#website\"},\"primaryImageOfPage\":{\"@id\":\"https:\\\/\\\/blackandmcdonald.com\\\/fr\\\/la-saison-des-incendies-de-foret-au-canada-souligne-limportance-de-la-qai-qualite-de-lair-interieur\\\/#primaryimage\"},\"image\":{\"@id\":\"https:\\\/\\\/blackandmcdonald.com\\\/fr\\\/la-saison-des-incendies-de-foret-au-canada-souligne-limportance-de-la-qai-qualite-de-lair-interieur\\\/#primaryimage\"},\"thumbnailUrl\":\"https:\\\/\\\/blackandmcdonald.com\\\/wp-content\\\/uploads\\\/AdobeStock_406186389-scaled.jpeg\",\"datePublished\":\"2023-08-15T18:13:00+00:00\",\"dateModified\":\"2025-06-24T14:54:38+00:00\",\"description\":\"Tandis que les feux de for\u00eat continuent de faire rage au Canada, entra\u00eenant des risques alarmants pour les habitations et les b\u00e2timents, plus de\",\"breadcrumb\":{\"@id\":\"https:\\\/\\\/blackandmcdonald.com\\\/fr\\\/la-saison-des-incendies-de-foret-au-canada-souligne-limportance-de-la-qai-qualite-de-lair-interieur\\\/#breadcrumb\"},\"inLanguage\":\"fr-CA\",\"potentialAction\":[{\"@type\":\"ReadAction\",\"target\":[\"https:\\\/\\\/blackandmcdonald.com\\\/fr\\\/la-saison-des-incendies-de-foret-au-canada-souligne-limportance-de-la-qai-qualite-de-lair-interieur\\\/\"]}]},{\"@type\":\"ImageObject\",\"inLanguage\":\"fr-CA\",\"@id\":\"https:\\\/\\\/blackandmcdonald.com\\\/fr\\\/la-saison-des-incendies-de-foret-au-canada-souligne-limportance-de-la-qai-qualite-de-lair-interieur\\\/#primaryimage\",\"url\":\"https:\\\/\\\/blackandmcdonald.com\\\/wp-content\\\/uploads\\\/AdobeStock_406186389-scaled.jpeg\",\"contentUrl\":\"https:\\\/\\\/blackandmcdonald.com\\\/wp-content\\\/uploads\\\/AdobeStock_406186389-scaled.jpeg\",\"width\":2560,\"height\":1709},{\"@type\":\"BreadcrumbList\",\"@id\":\"https:\\\/\\\/blackandmcdonald.com\\\/fr\\\/la-saison-des-incendies-de-foret-au-canada-souligne-limportance-de-la-qai-qualite-de-lair-interieur\\\/#breadcrumb\",\"itemListElement\":[{\"@type\":\"ListItem\",\"position\":1,\"name\":\"Home\",\"item\":\"https:\\\/\\\/blackandmcdonald.com\\\/fr\\\/\"},{\"@type\":\"ListItem\",\"position\":2,\"name\":\"La saison des incendies de for\u00eat au Canada souligne l\u2019importance de la QAI (qualit\u00e9 de l\u2019air int\u00e9rieur)\"}]},{\"@type\":\"WebSite\",\"@id\":\"https:\\\/\\\/blackandmcdonald.com\\\/#website\",\"url\":\"https:\\\/\\\/blackandmcdonald.com\\\/\",\"name\":\"Black & McDonald\",\"description\":\"\",\"publisher\":{\"@id\":\"https:\\\/\\\/blackandmcdonald.com\\\/#organization\"},\"potentialAction\":[{\"@type\":\"SearchAction\",\"target\":{\"@type\":\"EntryPoint\",\"urlTemplate\":\"https:\\\/\\\/blackandmcdonald.com\\\/?s={search_term_string}\"},\"query-input\":{\"@type\":\"PropertyValueSpecification\",\"valueRequired\":true,\"valueName\":\"search_term_string\"}}],\"inLanguage\":\"fr-CA\"},{\"@type\":\"Organization\",\"@id\":\"https:\\\/\\\/blackandmcdonald.com\\\/#organization\",\"name\":\"Black & McDonald\",\"url\":\"https:\\\/\\\/blackandmcdonald.com\\\/\",\"logo\":{\"@type\":\"ImageObject\",\"inLanguage\":\"fr-CA\",\"@id\":\"https:\\\/\\\/blackandmcdonald.com\\\/#\\\/schema\\\/logo\\\/image\\\/\",\"url\":\"https:\\\/\\\/blackandmcdonald.com\\\/wp-content\\\/uploads\\\/2020\\\/05\\\/BlackMcDonald_Logo.png\",\"contentUrl\":\"https:\\\/\\\/blackandmcdonald.com\\\/wp-content\\\/uploads\\\/2020\\\/05\\\/BlackMcDonald_Logo.png\",\"width\":1633,\"height\":844,\"caption\":\"Black & McDonald\"},\"image\":{\"@id\":\"https:\\\/\\\/blackandmcdonald.com\\\/#\\\/schema\\\/logo\\\/image\\\/\"},\"sameAs\":[\"https:\\\/\\\/www.facebook.com\\\/BlackandMcDonald\",\"https:\\\/\\\/x.com\\\/bandmlimited\",\"https:\\\/\\\/www.instagram.com\\\/blackandmcdonald\\\/\",\"https:\\\/\\\/www.linkedin.com\\\/company\\\/black-&amp;-mcdonald-limited\",\"https:\\\/\\\/www.youtube.com\\\/user\\\/blackmcdonaldchannel\"]},{\"@type\":\"Person\",\"@id\":\"https:\\\/\\\/blackandmcdonald.com\\\/#\\\/schema\\\/person\\\/516fedc5ee878412ff394f1c71effa04\",\"name\":\"Sonu Singh\",\"image\":{\"@type\":\"ImageObject\",\"inLanguage\":\"fr-CA\",\"@id\":\"https:\\\/\\\/secure.gravatar.com\\\/avatar\\\/439b7ee0c3843b527dc58a4ccc53e40db3b3bc1cffe7866237c65e59d099596a?s=96&d=mm&r=g\",\"url\":\"https:\\\/\\\/secure.gravatar.com\\\/avatar\\\/439b7ee0c3843b527dc58a4ccc53e40db3b3bc1cffe7866237c65e59d099596a?s=96&d=mm&r=g\",\"contentUrl\":\"https:\\\/\\\/secure.gravatar.com\\\/avatar\\\/439b7ee0c3843b527dc58a4ccc53e40db3b3bc1cffe7866237c65e59d099596a?s=96&d=mm&r=g\",\"caption\":\"Sonu Singh\"}}]}<\/script>\n<!-- \/ Yoast SEO Premium plugin. -->","yoast_head_json":{"title":"La saison des incendies de for\u00eat au Canada souligne l\u2019importance de la QAI (qualit\u00e9 de l\u2019air int\u00e9rieur) | Black & McDonald","description":"Tandis que les feux de for\u00eat continuent de faire rage au Canada, entra\u00eenant des risques alarmants pour les habitations et les b\u00e2timents, plus de","robots":{"index":"index","follow":"follow","max-snippet":"max-snippet:-1","max-image-preview":"max-image-preview:large","max-video-preview":"max-video-preview:-1"},"canonical":"https:\/\/blackandmcdonald.com\/fr\/la-saison-des-incendies-de-foret-au-canada-souligne-limportance-de-la-qai-qualite-de-lair-interieur\/","og_locale":"fr_CA","og_type":"article","og_title":"La saison des incendies de for\u00eat au Canada souligne l\u2019importance de la QAI (qualit\u00e9 de l\u2019air int\u00e9rieur)","og_description":"Tandis que les feux de for\u00eat continuent de faire rage au Canada, entra\u00eenant des risques alarmants pour les habitations et les b\u00e2timents, plus de","og_url":"https:\/\/blackandmcdonald.com\/fr\/la-saison-des-incendies-de-foret-au-canada-souligne-limportance-de-la-qai-qualite-de-lair-interieur\/","og_site_name":"Black &amp; McDonald","article_publisher":"https:\/\/www.facebook.com\/BlackandMcDonald","article_published_time":"2023-08-15T18:13:00+00:00","article_modified_time":"2025-06-24T14:54:38+00:00","og_image":[{"width":2560,"height":1709,"url":"https:\/\/blackandmcdonald.com\/wp-content\/uploads\/AdobeStock_406186389-scaled.jpeg","type":"image\/jpeg"}],"author":"Sonu Singh","twitter_card":"summary_large_image","twitter_creator":"@bandmlimited","twitter_site":"@bandmlimited","twitter_misc":{"\u00c9crit par":"Sonu Singh","Estimation du temps de lecture":"5 minutes"},"schema":{"@context":"https:\/\/schema.org","@graph":[{"@type":"Article","@id":"https:\/\/blackandmcdonald.com\/fr\/la-saison-des-incendies-de-foret-au-canada-souligne-limportance-de-la-qai-qualite-de-lair-interieur\/#article","isPartOf":{"@id":"https:\/\/blackandmcdonald.com\/fr\/la-saison-des-incendies-de-foret-au-canada-souligne-limportance-de-la-qai-qualite-de-lair-interieur\/"},"author":{"name":"Sonu Singh","@id":"https:\/\/blackandmcdonald.com\/#\/schema\/person\/516fedc5ee878412ff394f1c71effa04"},"headline":"La saison des incendies de for\u00eat au Canada souligne l\u2019importance de la QAI (qualit\u00e9 de l\u2019air int\u00e9rieur)","datePublished":"2023-08-15T18:13:00+00:00","dateModified":"2025-06-24T14:54:38+00:00","mainEntityOfPage":{"@id":"https:\/\/blackandmcdonald.com\/fr\/la-saison-des-incendies-de-foret-au-canada-souligne-limportance-de-la-qai-qualite-de-lair-interieur\/"},"wordCount":1189,"publisher":{"@id":"https:\/\/blackandmcdonald.com\/#organization"},"image":{"@id":"https:\/\/blackandmcdonald.com\/fr\/la-saison-des-incendies-de-foret-au-canada-souligne-limportance-de-la-qai-qualite-de-lair-interieur\/#primaryimage"},"thumbnailUrl":"https:\/\/blackandmcdonald.com\/wp-content\/uploads\/AdobeStock_406186389-scaled.jpeg","keywords":["Entretien des installations","Entretien pr\u00e9dictif","Gestion des installations","Gestion et exploitation des installations","Services aux installations","Syst\u00e8mes de b\u00e2timents intelligents"],"articleSection":["Services aux installations"],"inLanguage":"fr-CA"},{"@type":"WebPage","@id":"https:\/\/blackandmcdonald.com\/fr\/la-saison-des-incendies-de-foret-au-canada-souligne-limportance-de-la-qai-qualite-de-lair-interieur\/","url":"https:\/\/blackandmcdonald.com\/fr\/la-saison-des-incendies-de-foret-au-canada-souligne-limportance-de-la-qai-qualite-de-lair-interieur\/","name":"La saison des incendies de for\u00eat au Canada souligne l\u2019importance de la QAI (qualit\u00e9 de l\u2019air int\u00e9rieur) | Black & McDonald","isPartOf":{"@id":"https:\/\/blackandmcdonald.com\/#website"},"primaryImageOfPage":{"@id":"https:\/\/blackandmcdonald.com\/fr\/la-saison-des-incendies-de-foret-au-canada-souligne-limportance-de-la-qai-qualite-de-lair-interieur\/#primaryimage"},"image":{"@id":"https:\/\/blackandmcdonald.com\/fr\/la-saison-des-incendies-de-foret-au-canada-souligne-limportance-de-la-qai-qualite-de-lair-interieur\/#primaryimage"},"thumbnailUrl":"https:\/\/blackandmcdonald.com\/wp-content\/uploads\/AdobeStock_406186389-scaled.jpeg","datePublished":"2023-08-15T18:13:00+00:00","dateModified":"2025-06-24T14:54:38+00:00","description":"Tandis que les feux de for\u00eat continuent de faire rage au Canada, entra\u00eenant des risques alarmants pour les habitations et les b\u00e2timents, plus de","breadcrumb":{"@id":"https:\/\/blackandmcdonald.com\/fr\/la-saison-des-incendies-de-foret-au-canada-souligne-limportance-de-la-qai-qualite-de-lair-interieur\/#breadcrumb"},"inLanguage":"fr-CA","potentialAction":[{"@type":"ReadAction","target":["https:\/\/blackandmcdonald.com\/fr\/la-saison-des-incendies-de-foret-au-canada-souligne-limportance-de-la-qai-qualite-de-lair-interieur\/"]}]},{"@type":"ImageObject","inLanguage":"fr-CA","@id":"https:\/\/blackandmcdonald.com\/fr\/la-saison-des-incendies-de-foret-au-canada-souligne-limportance-de-la-qai-qualite-de-lair-interieur\/#primaryimage","url":"https:\/\/blackandmcdonald.com\/wp-content\/uploads\/AdobeStock_406186389-scaled.jpeg","contentUrl":"https:\/\/blackandmcdonald.com\/wp-content\/uploads\/AdobeStock_406186389-scaled.jpeg","width":2560,"height":1709},{"@type":"BreadcrumbList","@id":"https:\/\/blackandmcdonald.com\/fr\/la-saison-des-incendies-de-foret-au-canada-souligne-limportance-de-la-qai-qualite-de-lair-interieur\/#breadcrumb","itemListElement":[{"@type":"ListItem","position":1,"name":"Home","item":"https:\/\/blackandmcdonald.com\/fr\/"},{"@type":"ListItem","position":2,"name":"La saison des incendies de for\u00eat au Canada souligne l\u2019importance de la QAI (qualit\u00e9 de l\u2019air int\u00e9rieur)"}]},{"@type":"WebSite","@id":"https:\/\/blackandmcdonald.com\/#website","url":"https:\/\/blackandmcdonald.com\/","name":"Black & McDonald","description":"","publisher":{"@id":"https:\/\/blackandmcdonald.com\/#organization"},"potentialAction":[{"@type":"SearchAction","target":{"@type":"EntryPoint","urlTemplate":"https:\/\/blackandmcdonald.com\/?s={search_term_string}"},"query-input":{"@type":"PropertyValueSpecification","valueRequired":true,"valueName":"search_term_string"}}],"inLanguage":"fr-CA"},{"@type":"Organization","@id":"https:\/\/blackandmcdonald.com\/#organization","name":"Black & McDonald","url":"https:\/\/blackandmcdonald.com\/","logo":{"@type":"ImageObject","inLanguage":"fr-CA","@id":"https:\/\/blackandmcdonald.com\/#\/schema\/logo\/image\/","url":"https:\/\/blackandmcdonald.com\/wp-content\/uploads\/2020\/05\/BlackMcDonald_Logo.png","contentUrl":"https:\/\/blackandmcdonald.com\/wp-content\/uploads\/2020\/05\/BlackMcDonald_Logo.png","width":1633,"height":844,"caption":"Black & McDonald"},"image":{"@id":"https:\/\/blackandmcdonald.com\/#\/schema\/logo\/image\/"},"sameAs":["https:\/\/www.facebook.com\/BlackandMcDonald","https:\/\/x.com\/bandmlimited","https:\/\/www.instagram.com\/blackandmcdonald\/","https:\/\/www.linkedin.com\/company\/black-&amp;-mcdonald-limited","https:\/\/www.youtube.com\/user\/blackmcdonaldchannel"]},{"@type":"Person","@id":"https:\/\/blackandmcdonald.com\/#\/schema\/person\/516fedc5ee878412ff394f1c71effa04","name":"Sonu Singh","image":{"@type":"ImageObject","inLanguage":"fr-CA","@id":"https:\/\/secure.gravatar.com\/avatar\/439b7ee0c3843b527dc58a4ccc53e40db3b3bc1cffe7866237c65e59d099596a?s=96&d=mm&r=g","url":"https:\/\/secure.gravatar.com\/avatar\/439b7ee0c3843b527dc58a4ccc53e40db3b3bc1cffe7866237c65e59d099596a?s=96&d=mm&r=g","contentUrl":"https:\/\/secure.gravatar.com\/avatar\/439b7ee0c3843b527dc58a4ccc53e40db3b3bc1cffe7866237c65e59d099596a?s=96&d=mm&r=g","caption":"Sonu Singh"}}]}},"_links":{"self":[{"href":"https:\/\/blackandmcdonald.com\/fr\/wp-json\/wp\/v2\/posts\/13453","targetHints":{"allow":["GET"]}}],"collection":[{"href":"https:\/\/blackandmcdonald.com\/fr\/wp-json\/wp\/v2\/posts"}],"about":[{"href":"https:\/\/blackandmcdonald.com\/fr\/wp-json\/wp\/v2\/types\/post"}],"author":[{"embeddable":true,"href":"https:\/\/blackandmcdonald.com\/fr\/wp-json\/wp\/v2\/users\/3"}],"replies":[{"embeddable":true,"href":"https:\/\/blackandmcdonald.com\/fr\/wp-json\/wp\/v2\/comments?post=13453"}],"version-history":[{"count":0,"href":"https:\/\/blackandmcdonald.com\/fr\/wp-json\/wp\/v2\/posts\/13453\/revisions"}],"wp:featuredmedia":[{"embeddable":true,"href":"https:\/\/blackandmcdonald.com\/fr\/wp-json\/wp\/v2\/media\/11895"}],"wp:attachment":[{"href":"https:\/\/blackandmcdonald.com\/fr\/wp-json\/wp\/v2\/media?parent=13453"}],"wp:term":[{"taxonomy":"category","embeddable":true,"href":"https:\/\/blackandmcdonald.com\/fr\/wp-json\/wp\/v2\/categories?post=13453"},{"taxonomy":"post_tag","embeddable":true,"href":"https:\/\/blackandmcdonald.com\/fr\/wp-json\/wp\/v2\/tags?post=13453"}],"curies":[{"name":"wp","href":"https:\/\/api.w.org\/{rel}","templated":true}]}}