{"id":5696,"date":"2020-05-13T21:55:00","date_gmt":"2020-05-14T01:55:00","guid":{"rendered":"https:\/\/blacmcstaging.wpengine.com\/?post_type=news&#038;p=5696"},"modified":"2022-12-06T20:44:32","modified_gmt":"2022-12-07T01:44:32","slug":"bm-celebre-nos-travailleurs-de-la-sante-en-premiere-ligne-en-offrant-des-repas-au-personnel-du-foyer-de-soins-de-longue-duree-kensington-gardens","status":"publish","type":"news","link":"https:\/\/blackandmcdonald.com\/fr\/nouvelles\/bm-celebre-nos-travailleurs-de-la-sante-en-premiere-ligne-en-offrant-des-repas-au-personnel-du-foyer-de-soins-de-longue-duree-kensington-gardens\/","title":{"rendered":"B&#038;M c\u00e9l\u00e8bre nos travailleurs de la sant\u00e9 en premi\u00e8re ligne en offrant des repas au personnel du foyer de soins de longue dur\u00e9e Kensington Gardens"},"content":{"rendered":"\n<p>En t\u00e9moignage de notre gratitude envers les travailleurs de premi\u00e8re ligne et afin de c\u00e9l\u00e9brer la Semaine nationale des soins infirmiers&nbsp;2020, Black&nbsp;&amp;&nbsp;McDonald et Nando\u2019s Canada (Queen West, Toronto), offre ce mercredi 13 mai le d\u00eener et le souper aux 331 membres du personnel du foyer de soins de longue dur\u00e9e Kensington Gardens \u00e0 Toronto. Nous remercions tous les travailleurs de premi\u00e8re ligne pour leur d\u00e9vouement et leur travail acharn\u00e9 durant cette p\u00e9riode difficile.<\/p>\n","protected":false},"excerpt":{"rendered":"<p>En t\u00e9moignage de notre gratitude envers les travailleurs de premi\u00e8re ligne et afin de c\u00e9l\u00e9brer la Semaine nationale des soins infirmiers&nbsp;2020, Black&nbsp;&amp;&nbsp;McDonald et Nando\u2019s [&hellip;]<\/p>\n","protected":false},"author":11,"featured_media":8131,"menu_order":17,"template":"","class_list":["post-5696","news","type-news","status-publish","has-post-thumbnail","hentry"],"acf":[],"yoast_head":"<!-- This site is optimized with the Yoast SEO Premium plugin v27.4 (Yoast SEO v27.4) - https:\/\/yoast.com\/product\/yoast-seo-premium-wordpress\/ -->\n<title>B&amp;M c\u00e9l\u00e8bre nos travailleurs de la sant\u00e9 en premi\u00e8re ligne en offrant des repas au personnel du foyer de soins de longue dur\u00e9e Kensington Gardens - Black &amp; McDonald<\/title>\n<meta name=\"description\" content=\"En t\u00e9moignage de notre gratitude envers les travailleurs de premi\u00e8re ligne et afin de c\u00e9l\u00e9brer la Semaine nationale des soins infirmiers&nbsp;2020,\" \/>\n<meta name=\"robots\" content=\"index, follow, max-snippet:-1, max-image-preview:large, max-video-preview:-1\" \/>\n<link rel=\"canonical\" href=\"https:\/\/blackandmcdonald.com\/fr\/nouvelles\/bm-celebre-nos-travailleurs-de-la-sante-en-premiere-ligne-en-offrant-des-repas-au-personnel-du-foyer-de-soins-de-longue-duree-kensington-gardens\/\" \/>\n<meta property=\"og:locale\" content=\"fr_CA\" \/>\n<meta property=\"og:type\" content=\"article\" \/>\n<meta property=\"og:title\" content=\"B&amp;M c\u00e9l\u00e8bre nos travailleurs de la sant\u00e9 en premi\u00e8re ligne en offrant des repas au personnel du foyer de soins de longue dur\u00e9e Kensington Gardens\" \/>\n<meta property=\"og:description\" content=\"En t\u00e9moignage de notre gratitude envers les travailleurs de premi\u00e8re ligne et afin de c\u00e9l\u00e9brer la Semaine nationale des soins infirmiers&nbsp;2020,\" \/>\n<meta property=\"og:url\" content=\"https:\/\/blackandmcdonald.com\/fr\/nouvelles\/bm-celebre-nos-travailleurs-de-la-sante-en-premiere-ligne-en-offrant-des-repas-au-personnel-du-foyer-de-soins-de-longue-duree-kensington-gardens\/\" \/>\n<meta property=\"og:site_name\" content=\"Black &amp; McDonald\" \/>\n<meta property=\"article:publisher\" content=\"https:\/\/www.facebook.com\/BlackandMcDonald\" \/>\n<meta property=\"article:modified_time\" content=\"2022-12-07T01:44:32+00:00\" \/>\n<meta property=\"og:image\" content=\"https:\/\/blackandmcdonald.com\/wp-content\/uploads\/News_fr_BM-Celebrate-frontline-workers-with-meals-at-Kensington-Garden.jpg\" \/>\n\t<meta property=\"og:image:width\" content=\"2000\" \/>\n\t<meta property=\"og:image:height\" content=\"1200\" \/>\n\t<meta property=\"og:image:type\" content=\"image\/jpeg\" \/>\n<meta name=\"twitter:card\" content=\"summary_large_image\" \/>\n<meta name=\"twitter:site\" content=\"@bandmlimited\" \/>\n<meta name=\"twitter:label1\" content=\"Estimation du temps de lecture\" \/>\n\t<meta name=\"twitter:data1\" content=\"1 minute\" \/>\n<script type=\"application\/ld+json\" class=\"yoast-schema-graph\">{\"@context\":\"https:\\\/\\\/schema.org\",\"@graph\":[{\"@type\":\"WebPage\",\"@id\":\"https:\\\/\\\/blackandmcdonald.com\\\/fr\\\/nouvelles\\\/bm-celebre-nos-travailleurs-de-la-sante-en-premiere-ligne-en-offrant-des-repas-au-personnel-du-foyer-de-soins-de-longue-duree-kensington-gardens\\\/\",\"url\":\"https:\\\/\\\/blackandmcdonald.com\\\/fr\\\/nouvelles\\\/bm-celebre-nos-travailleurs-de-la-sante-en-premiere-ligne-en-offrant-des-repas-au-personnel-du-foyer-de-soins-de-longue-duree-kensington-gardens\\\/\",\"name\":\"B&M c\u00e9l\u00e8bre nos travailleurs de la sant\u00e9 en premi\u00e8re ligne en offrant des repas au personnel du foyer de soins de longue dur\u00e9e Kensington Gardens - Black &amp; McDonald\",\"isPartOf\":{\"@id\":\"https:\\\/\\\/blackandmcdonald.com\\\/#website\"},\"primaryImageOfPage\":{\"@id\":\"https:\\\/\\\/blackandmcdonald.com\\\/fr\\\/nouvelles\\\/bm-celebre-nos-travailleurs-de-la-sante-en-premiere-ligne-en-offrant-des-repas-au-personnel-du-foyer-de-soins-de-longue-duree-kensington-gardens\\\/#primaryimage\"},\"image\":{\"@id\":\"https:\\\/\\\/blackandmcdonald.com\\\/fr\\\/nouvelles\\\/bm-celebre-nos-travailleurs-de-la-sante-en-premiere-ligne-en-offrant-des-repas-au-personnel-du-foyer-de-soins-de-longue-duree-kensington-gardens\\\/#primaryimage\"},\"thumbnailUrl\":\"https:\\\/\\\/blackandmcdonald.com\\\/wp-content\\\/uploads\\\/News_fr_BM-Celebrate-frontline-workers-with-meals-at-Kensington-Garden.jpg\",\"datePublished\":\"2020-05-14T01:55:00+00:00\",\"dateModified\":\"2022-12-07T01:44:32+00:00\",\"description\":\"En t\u00e9moignage de notre gratitude envers les travailleurs de premi\u00e8re ligne et afin de c\u00e9l\u00e9brer la Semaine nationale des soins infirmiers&nbsp;2020,\",\"breadcrumb\":{\"@id\":\"https:\\\/\\\/blackandmcdonald.com\\\/fr\\\/nouvelles\\\/bm-celebre-nos-travailleurs-de-la-sante-en-premiere-ligne-en-offrant-des-repas-au-personnel-du-foyer-de-soins-de-longue-duree-kensington-gardens\\\/#breadcrumb\"},\"inLanguage\":\"fr-CA\",\"potentialAction\":[{\"@type\":\"ReadAction\",\"target\":[\"https:\\\/\\\/blackandmcdonald.com\\\/fr\\\/nouvelles\\\/bm-celebre-nos-travailleurs-de-la-sante-en-premiere-ligne-en-offrant-des-repas-au-personnel-du-foyer-de-soins-de-longue-duree-kensington-gardens\\\/\"]}]},{\"@type\":\"ImageObject\",\"inLanguage\":\"fr-CA\",\"@id\":\"https:\\\/\\\/blackandmcdonald.com\\\/fr\\\/nouvelles\\\/bm-celebre-nos-travailleurs-de-la-sante-en-premiere-ligne-en-offrant-des-repas-au-personnel-du-foyer-de-soins-de-longue-duree-kensington-gardens\\\/#primaryimage\",\"url\":\"https:\\\/\\\/blackandmcdonald.com\\\/wp-content\\\/uploads\\\/News_fr_BM-Celebrate-frontline-workers-with-meals-at-Kensington-Garden.jpg\",\"contentUrl\":\"https:\\\/\\\/blackandmcdonald.com\\\/wp-content\\\/uploads\\\/News_fr_BM-Celebrate-frontline-workers-with-meals-at-Kensington-Garden.jpg\",\"width\":2000,\"height\":1200,\"caption\":\"Les employ\u00e9s de B&M servent des repas au personnel de l\u2019\u00e9tablissement de soins de longue dur\u00e9e Kensington\u00a0Gardens en soutien aux travailleurs de premi\u00e8re ligne\"},{\"@type\":\"BreadcrumbList\",\"@id\":\"https:\\\/\\\/blackandmcdonald.com\\\/fr\\\/nouvelles\\\/bm-celebre-nos-travailleurs-de-la-sante-en-premiere-ligne-en-offrant-des-repas-au-personnel-du-foyer-de-soins-de-longue-duree-kensington-gardens\\\/#breadcrumb\",\"itemListElement\":[{\"@type\":\"ListItem\",\"position\":1,\"name\":\"Home\",\"item\":\"https:\\\/\\\/blackandmcdonald.com\\\/fr\\\/\"},{\"@type\":\"ListItem\",\"position\":2,\"name\":\"News\",\"item\":\"https:\\\/\\\/blackandmcdonald.com\\\/news\\\/\"},{\"@type\":\"ListItem\",\"position\":3,\"name\":\"B&#038;M c\u00e9l\u00e8bre nos travailleurs de la sant\u00e9 en premi\u00e8re ligne en offrant des repas au personnel du foyer de soins de longue dur\u00e9e Kensington Gardens\"}]},{\"@type\":\"WebSite\",\"@id\":\"https:\\\/\\\/blackandmcdonald.com\\\/#website\",\"url\":\"https:\\\/\\\/blackandmcdonald.com\\\/\",\"name\":\"Black & McDonald\",\"description\":\"\",\"publisher\":{\"@id\":\"https:\\\/\\\/blackandmcdonald.com\\\/#organization\"},\"potentialAction\":[{\"@type\":\"SearchAction\",\"target\":{\"@type\":\"EntryPoint\",\"urlTemplate\":\"https:\\\/\\\/blackandmcdonald.com\\\/?s={search_term_string}\"},\"query-input\":{\"@type\":\"PropertyValueSpecification\",\"valueRequired\":true,\"valueName\":\"search_term_string\"}}],\"inLanguage\":\"fr-CA\"},{\"@type\":\"Organization\",\"@id\":\"https:\\\/\\\/blackandmcdonald.com\\\/#organization\",\"name\":\"Black & McDonald\",\"url\":\"https:\\\/\\\/blackandmcdonald.com\\\/\",\"logo\":{\"@type\":\"ImageObject\",\"inLanguage\":\"fr-CA\",\"@id\":\"https:\\\/\\\/blackandmcdonald.com\\\/#\\\/schema\\\/logo\\\/image\\\/\",\"url\":\"https:\\\/\\\/blackandmcdonald.com\\\/wp-content\\\/uploads\\\/2020\\\/05\\\/BlackMcDonald_Logo.png\",\"contentUrl\":\"https:\\\/\\\/blackandmcdonald.com\\\/wp-content\\\/uploads\\\/2020\\\/05\\\/BlackMcDonald_Logo.png\",\"width\":1633,\"height\":844,\"caption\":\"Black & McDonald\"},\"image\":{\"@id\":\"https:\\\/\\\/blackandmcdonald.com\\\/#\\\/schema\\\/logo\\\/image\\\/\"},\"sameAs\":[\"https:\\\/\\\/www.facebook.com\\\/BlackandMcDonald\",\"https:\\\/\\\/x.com\\\/bandmlimited\",\"https:\\\/\\\/www.instagram.com\\\/blackandmcdonald\\\/\",\"https:\\\/\\\/www.linkedin.com\\\/company\\\/black-&amp;-mcdonald-limited\",\"https:\\\/\\\/www.youtube.com\\\/user\\\/blackmcdonaldchannel\"]}]}<\/script>\n<!-- \/ Yoast SEO Premium plugin. -->","yoast_head_json":{"title":"B&M c\u00e9l\u00e8bre nos travailleurs de la sant\u00e9 en premi\u00e8re ligne en offrant des repas au personnel du foyer de soins de longue dur\u00e9e Kensington Gardens - Black &amp; McDonald","description":"En t\u00e9moignage de notre gratitude envers les travailleurs de premi\u00e8re ligne et afin de c\u00e9l\u00e9brer la Semaine nationale des soins infirmiers&nbsp;2020,","robots":{"index":"index","follow":"follow","max-snippet":"max-snippet:-1","max-image-preview":"max-image-preview:large","max-video-preview":"max-video-preview:-1"},"canonical":"https:\/\/blackandmcdonald.com\/fr\/nouvelles\/bm-celebre-nos-travailleurs-de-la-sante-en-premiere-ligne-en-offrant-des-repas-au-personnel-du-foyer-de-soins-de-longue-duree-kensington-gardens\/","og_locale":"fr_CA","og_type":"article","og_title":"B&M c\u00e9l\u00e8bre nos travailleurs de la sant\u00e9 en premi\u00e8re ligne en offrant des repas au personnel du foyer de soins de longue dur\u00e9e Kensington Gardens","og_description":"En t\u00e9moignage de notre gratitude envers les travailleurs de premi\u00e8re ligne et afin de c\u00e9l\u00e9brer la Semaine nationale des soins infirmiers&nbsp;2020,","og_url":"https:\/\/blackandmcdonald.com\/fr\/nouvelles\/bm-celebre-nos-travailleurs-de-la-sante-en-premiere-ligne-en-offrant-des-repas-au-personnel-du-foyer-de-soins-de-longue-duree-kensington-gardens\/","og_site_name":"Black &amp; McDonald","article_publisher":"https:\/\/www.facebook.com\/BlackandMcDonald","article_modified_time":"2022-12-07T01:44:32+00:00","og_image":[{"width":2000,"height":1200,"url":"https:\/\/blackandmcdonald.com\/wp-content\/uploads\/News_fr_BM-Celebrate-frontline-workers-with-meals-at-Kensington-Garden.jpg","type":"image\/jpeg"}],"twitter_card":"summary_large_image","twitter_site":"@bandmlimited","twitter_misc":{"Estimation du temps de lecture":"1 minute"},"schema":{"@context":"https:\/\/schema.org","@graph":[{"@type":"WebPage","@id":"https:\/\/blackandmcdonald.com\/fr\/nouvelles\/bm-celebre-nos-travailleurs-de-la-sante-en-premiere-ligne-en-offrant-des-repas-au-personnel-du-foyer-de-soins-de-longue-duree-kensington-gardens\/","url":"https:\/\/blackandmcdonald.com\/fr\/nouvelles\/bm-celebre-nos-travailleurs-de-la-sante-en-premiere-ligne-en-offrant-des-repas-au-personnel-du-foyer-de-soins-de-longue-duree-kensington-gardens\/","name":"B&M c\u00e9l\u00e8bre nos travailleurs de la sant\u00e9 en premi\u00e8re ligne en offrant des repas au personnel du foyer de soins de longue dur\u00e9e Kensington Gardens - Black &amp; McDonald","isPartOf":{"@id":"https:\/\/blackandmcdonald.com\/#website"},"primaryImageOfPage":{"@id":"https:\/\/blackandmcdonald.com\/fr\/nouvelles\/bm-celebre-nos-travailleurs-de-la-sante-en-premiere-ligne-en-offrant-des-repas-au-personnel-du-foyer-de-soins-de-longue-duree-kensington-gardens\/#primaryimage"},"image":{"@id":"https:\/\/blackandmcdonald.com\/fr\/nouvelles\/bm-celebre-nos-travailleurs-de-la-sante-en-premiere-ligne-en-offrant-des-repas-au-personnel-du-foyer-de-soins-de-longue-duree-kensington-gardens\/#primaryimage"},"thumbnailUrl":"https:\/\/blackandmcdonald.com\/wp-content\/uploads\/News_fr_BM-Celebrate-frontline-workers-with-meals-at-Kensington-Garden.jpg","datePublished":"2020-05-14T01:55:00+00:00","dateModified":"2022-12-07T01:44:32+00:00","description":"En t\u00e9moignage de notre gratitude envers les travailleurs de premi\u00e8re ligne et afin de c\u00e9l\u00e9brer la Semaine nationale des soins infirmiers&nbsp;2020,","breadcrumb":{"@id":"https:\/\/blackandmcdonald.com\/fr\/nouvelles\/bm-celebre-nos-travailleurs-de-la-sante-en-premiere-ligne-en-offrant-des-repas-au-personnel-du-foyer-de-soins-de-longue-duree-kensington-gardens\/#breadcrumb"},"inLanguage":"fr-CA","potentialAction":[{"@type":"ReadAction","target":["https:\/\/blackandmcdonald.com\/fr\/nouvelles\/bm-celebre-nos-travailleurs-de-la-sante-en-premiere-ligne-en-offrant-des-repas-au-personnel-du-foyer-de-soins-de-longue-duree-kensington-gardens\/"]}]},{"@type":"ImageObject","inLanguage":"fr-CA","@id":"https:\/\/blackandmcdonald.com\/fr\/nouvelles\/bm-celebre-nos-travailleurs-de-la-sante-en-premiere-ligne-en-offrant-des-repas-au-personnel-du-foyer-de-soins-de-longue-duree-kensington-gardens\/#primaryimage","url":"https:\/\/blackandmcdonald.com\/wp-content\/uploads\/News_fr_BM-Celebrate-frontline-workers-with-meals-at-Kensington-Garden.jpg","contentUrl":"https:\/\/blackandmcdonald.com\/wp-content\/uploads\/News_fr_BM-Celebrate-frontline-workers-with-meals-at-Kensington-Garden.jpg","width":2000,"height":1200,"caption":"Les employ\u00e9s de B&M servent des repas au personnel de l\u2019\u00e9tablissement de soins de longue dur\u00e9e Kensington\u00a0Gardens en soutien aux travailleurs de premi\u00e8re ligne"},{"@type":"BreadcrumbList","@id":"https:\/\/blackandmcdonald.com\/fr\/nouvelles\/bm-celebre-nos-travailleurs-de-la-sante-en-premiere-ligne-en-offrant-des-repas-au-personnel-du-foyer-de-soins-de-longue-duree-kensington-gardens\/#breadcrumb","itemListElement":[{"@type":"ListItem","position":1,"name":"Home","item":"https:\/\/blackandmcdonald.com\/fr\/"},{"@type":"ListItem","position":2,"name":"News","item":"https:\/\/blackandmcdonald.com\/news\/"},{"@type":"ListItem","position":3,"name":"B&#038;M c\u00e9l\u00e8bre nos travailleurs de la sant\u00e9 en premi\u00e8re ligne en offrant des repas au personnel du foyer de soins de longue dur\u00e9e Kensington Gardens"}]},{"@type":"WebSite","@id":"https:\/\/blackandmcdonald.com\/#website","url":"https:\/\/blackandmcdonald.com\/","name":"Black & McDonald","description":"","publisher":{"@id":"https:\/\/blackandmcdonald.com\/#organization"},"potentialAction":[{"@type":"SearchAction","target":{"@type":"EntryPoint","urlTemplate":"https:\/\/blackandmcdonald.com\/?s={search_term_string}"},"query-input":{"@type":"PropertyValueSpecification","valueRequired":true,"valueName":"search_term_string"}}],"inLanguage":"fr-CA"},{"@type":"Organization","@id":"https:\/\/blackandmcdonald.com\/#organization","name":"Black & McDonald","url":"https:\/\/blackandmcdonald.com\/","logo":{"@type":"ImageObject","inLanguage":"fr-CA","@id":"https:\/\/blackandmcdonald.com\/#\/schema\/logo\/image\/","url":"https:\/\/blackandmcdonald.com\/wp-content\/uploads\/2020\/05\/BlackMcDonald_Logo.png","contentUrl":"https:\/\/blackandmcdonald.com\/wp-content\/uploads\/2020\/05\/BlackMcDonald_Logo.png","width":1633,"height":844,"caption":"Black & McDonald"},"image":{"@id":"https:\/\/blackandmcdonald.com\/#\/schema\/logo\/image\/"},"sameAs":["https:\/\/www.facebook.com\/BlackandMcDonald","https:\/\/x.com\/bandmlimited","https:\/\/www.instagram.com\/blackandmcdonald\/","https:\/\/www.linkedin.com\/company\/black-&amp;-mcdonald-limited","https:\/\/www.youtube.com\/user\/blackmcdonaldchannel"]}]}},"_links":{"self":[{"href":"https:\/\/blackandmcdonald.com\/fr\/wp-json\/wp\/v2\/news\/5696","targetHints":{"allow":["GET"]}}],"collection":[{"href":"https:\/\/blackandmcdonald.com\/fr\/wp-json\/wp\/v2\/news"}],"about":[{"href":"https:\/\/blackandmcdonald.com\/fr\/wp-json\/wp\/v2\/types\/news"}],"author":[{"embeddable":true,"href":"https:\/\/blackandmcdonald.com\/fr\/wp-json\/wp\/v2\/users\/11"}],"wp:featuredmedia":[{"embeddable":true,"href":"https:\/\/blackandmcdonald.com\/fr\/wp-json\/wp\/v2\/media\/8131"}],"wp:attachment":[{"href":"https:\/\/blackandmcdonald.com\/fr\/wp-json\/wp\/v2\/media?parent=5696"}],"curies":[{"name":"wp","href":"https:\/\/api.w.org\/{rel}","templated":true}]}}