{"id":15487,"date":"2025-05-08T16:40:00","date_gmt":"2025-05-08T20:40:00","guid":{"rendered":"https:\/\/blacmcstaging.wpengine.com\/?post_type=news&#038;p=15487"},"modified":"2025-05-09T09:25:08","modified_gmt":"2025-05-09T13:25:08","slug":"la-securite-autrement-chez-black-mcdonald","status":"publish","type":"news","link":"https:\/\/blackandmcdonald.com\/fr\/nouvelles\/la-securite-autrement-chez-black-mcdonald\/","title":{"rendered":"La s\u00e9curit\u00e9 autrement chez Black &amp; McDonald"},"content":{"rendered":"\n<p>Chez Black &amp; McDonald, la sant\u00e9, la s\u00e9curit\u00e9 et le bien-\u00eatre environnemental de nos employ\u00e9s, de nos clients et du public ont toujours \u00e9t\u00e9 nos priorit\u00e9s absolues. Alors que nous poursuivons notre d\u00e9marche d\u2019am\u00e9lioration continue, nous sommes heureux de pr\u00e9senter, \u00e0 l\u2019occasion de la Semaine de la s\u00e9curit\u00e9 et de la sant\u00e9, notre toute derni\u00e8re initiative&nbsp;: la s\u00e9curit\u00e9 dans le domaine de l\u2019\u00e9nergie.<\/p>\n\n\n\n<p>Qu\u2019est-ce que la s\u00e9curit\u00e9 dans le domaine de l\u2019\u00e9nergie?&nbsp;La s\u00e9curit\u00e9 dans le domaine de l\u2019\u00e9nergie est une initiative cl\u00e9 de l\u2019entreprise en mati\u00e8re de sant\u00e9, de s\u00e9curit\u00e9 et d\u2019environnement pour 2025, ax\u00e9e sur la d\u00e9termination et le contr\u00f4le des risques potentiels en analysant les diff\u00e9rentes formes d\u2019\u00e9nergie pr\u00e9sentes sur un lieu de travail. Cette approche d\u00e9finit chaque blessure comme le r\u00e9sultat d\u2019une \u00e9nergie incontr\u00f4l\u00e9e entrant en contact avec un travailleur et elle introduit des outils tels que la \u00ab&nbsp;roue de l\u2019\u00e9nergie&nbsp;\u00bb afin d\u2019identifier syst\u00e9matiquement ces sources d\u2019\u00e9nergie et de mettre en \u0153uvre des contr\u00f4les directs efficaces. Chez Black &amp; McDonald, nous nous engageons \u00e0 cr\u00e9er un environnement s\u00fbr et sain pour tous. Notre initiative de s\u00e9curit\u00e9 dans le domaine de l\u2019\u00e9nergie est une \u00e9tape cruciale vers l\u2019atteinte de cet objectif. En travaillant ensemble et en restant vigilants, nous pouvons faire en sorte que chacun rentre chez lui en toute s\u00e9curit\u00e9 \u00e0 la fin de la journ\u00e9e.<\/p>\n\n\n\n<p>Personne n\u2019est bless\u00e9, ni aujourd\u2019hui ni jamais!<\/p>\n","protected":false},"excerpt":{"rendered":"<p>Chez Black &amp; McDonald, la sant\u00e9, la s\u00e9curit\u00e9 et le bien-\u00eatre environnemental de nos employ\u00e9s, de nos clients et du public ont toujours \u00e9t\u00e9 [&hellip;]<\/p>\n","protected":false},"author":25,"featured_media":15500,"menu_order":0,"template":"","class_list":["post-15487","news","type-news","status-publish","has-post-thumbnail","hentry"],"acf":[],"yoast_head":"<!-- This site is optimized with the Yoast SEO Premium plugin v27.4 (Yoast SEO v27.4) - https:\/\/yoast.com\/product\/yoast-seo-premium-wordpress\/ -->\n<title>La s\u00e9curit\u00e9 autrement chez Black &amp; McDonald - Black &amp; McDonald<\/title>\n<meta name=\"description\" content=\"Chez Black &amp; McDonald, la sant\u00e9, la s\u00e9curit\u00e9 et le bien-\u00eatre environnemental de nos employ\u00e9s, de nos clients et du public ont toujours \u00e9t\u00e9 nos\" \/>\n<meta name=\"robots\" content=\"index, follow, max-snippet:-1, max-image-preview:large, max-video-preview:-1\" \/>\n<link rel=\"canonical\" href=\"https:\/\/blackandmcdonald.com\/fr\/nouvelles\/la-securite-autrement-chez-black-mcdonald\/\" \/>\n<meta property=\"og:locale\" content=\"fr_CA\" \/>\n<meta property=\"og:type\" content=\"article\" \/>\n<meta property=\"og:title\" content=\"La s\u00e9curit\u00e9 autrement chez Black &amp; McDonald\" \/>\n<meta property=\"og:description\" content=\"Chez Black &amp; McDonald, la sant\u00e9, la s\u00e9curit\u00e9 et le bien-\u00eatre environnemental de nos employ\u00e9s, de nos clients et du public ont toujours \u00e9t\u00e9 nos\" \/>\n<meta property=\"og:url\" content=\"https:\/\/blackandmcdonald.com\/fr\/nouvelles\/la-securite-autrement-chez-black-mcdonald\/\" \/>\n<meta property=\"og:site_name\" content=\"Black &amp; McDonald\" \/>\n<meta property=\"article:publisher\" content=\"https:\/\/www.facebook.com\/BlackandMcDonald\" \/>\n<meta property=\"article:modified_time\" content=\"2025-05-09T13:25:08+00:00\" \/>\n<meta property=\"og:image\" content=\"https:\/\/blackandmcdonald.com\/wp-content\/uploads\/Health-and-Safety-Week-2025-FRE.jpg\" \/>\n\t<meta property=\"og:image:width\" content=\"1920\" \/>\n\t<meta property=\"og:image:height\" content=\"1080\" \/>\n\t<meta property=\"og:image:type\" content=\"image\/jpeg\" \/>\n<meta name=\"twitter:card\" content=\"summary_large_image\" \/>\n<meta name=\"twitter:site\" content=\"@bandmlimited\" \/>\n<meta name=\"twitter:label1\" content=\"Estimation du temps de lecture\" \/>\n\t<meta name=\"twitter:data1\" content=\"2 minutes\" \/>\n<script type=\"application\/ld+json\" class=\"yoast-schema-graph\">{\"@context\":\"https:\\\/\\\/schema.org\",\"@graph\":[{\"@type\":\"WebPage\",\"@id\":\"https:\\\/\\\/blackandmcdonald.com\\\/fr\\\/nouvelles\\\/la-securite-autrement-chez-black-mcdonald\\\/\",\"url\":\"https:\\\/\\\/blackandmcdonald.com\\\/fr\\\/nouvelles\\\/la-securite-autrement-chez-black-mcdonald\\\/\",\"name\":\"La s\u00e9curit\u00e9 autrement chez Black &amp; McDonald - Black &amp; McDonald\",\"isPartOf\":{\"@id\":\"https:\\\/\\\/blackandmcdonald.com\\\/#website\"},\"primaryImageOfPage\":{\"@id\":\"https:\\\/\\\/blackandmcdonald.com\\\/fr\\\/nouvelles\\\/la-securite-autrement-chez-black-mcdonald\\\/#primaryimage\"},\"image\":{\"@id\":\"https:\\\/\\\/blackandmcdonald.com\\\/fr\\\/nouvelles\\\/la-securite-autrement-chez-black-mcdonald\\\/#primaryimage\"},\"thumbnailUrl\":\"https:\\\/\\\/blackandmcdonald.com\\\/wp-content\\\/uploads\\\/Health-and-Safety-Week-2025-FRE.jpg\",\"datePublished\":\"2025-05-08T20:40:00+00:00\",\"dateModified\":\"2025-05-09T13:25:08+00:00\",\"description\":\"Chez Black &amp; McDonald, la sant\u00e9, la s\u00e9curit\u00e9 et le bien-\u00eatre environnemental de nos employ\u00e9s, de nos clients et du public ont toujours \u00e9t\u00e9 nos\",\"breadcrumb\":{\"@id\":\"https:\\\/\\\/blackandmcdonald.com\\\/fr\\\/nouvelles\\\/la-securite-autrement-chez-black-mcdonald\\\/#breadcrumb\"},\"inLanguage\":\"fr-CA\",\"potentialAction\":[{\"@type\":\"ReadAction\",\"target\":[\"https:\\\/\\\/blackandmcdonald.com\\\/fr\\\/nouvelles\\\/la-securite-autrement-chez-black-mcdonald\\\/\"]}]},{\"@type\":\"ImageObject\",\"inLanguage\":\"fr-CA\",\"@id\":\"https:\\\/\\\/blackandmcdonald.com\\\/fr\\\/nouvelles\\\/la-securite-autrement-chez-black-mcdonald\\\/#primaryimage\",\"url\":\"https:\\\/\\\/blackandmcdonald.com\\\/wp-content\\\/uploads\\\/Health-and-Safety-Week-2025-FRE.jpg\",\"contentUrl\":\"https:\\\/\\\/blackandmcdonald.com\\\/wp-content\\\/uploads\\\/Health-and-Safety-Week-2025-FRE.jpg\",\"width\":1920,\"height\":1080},{\"@type\":\"BreadcrumbList\",\"@id\":\"https:\\\/\\\/blackandmcdonald.com\\\/fr\\\/nouvelles\\\/la-securite-autrement-chez-black-mcdonald\\\/#breadcrumb\",\"itemListElement\":[{\"@type\":\"ListItem\",\"position\":1,\"name\":\"Home\",\"item\":\"https:\\\/\\\/blackandmcdonald.com\\\/fr\\\/\"},{\"@type\":\"ListItem\",\"position\":2,\"name\":\"News\",\"item\":\"https:\\\/\\\/blackandmcdonald.com\\\/news\\\/\"},{\"@type\":\"ListItem\",\"position\":3,\"name\":\"La s\u00e9curit\u00e9 autrement chez Black &amp; McDonald\"}]},{\"@type\":\"WebSite\",\"@id\":\"https:\\\/\\\/blackandmcdonald.com\\\/#website\",\"url\":\"https:\\\/\\\/blackandmcdonald.com\\\/\",\"name\":\"Black & McDonald\",\"description\":\"\",\"publisher\":{\"@id\":\"https:\\\/\\\/blackandmcdonald.com\\\/#organization\"},\"potentialAction\":[{\"@type\":\"SearchAction\",\"target\":{\"@type\":\"EntryPoint\",\"urlTemplate\":\"https:\\\/\\\/blackandmcdonald.com\\\/?s={search_term_string}\"},\"query-input\":{\"@type\":\"PropertyValueSpecification\",\"valueRequired\":true,\"valueName\":\"search_term_string\"}}],\"inLanguage\":\"fr-CA\"},{\"@type\":\"Organization\",\"@id\":\"https:\\\/\\\/blackandmcdonald.com\\\/#organization\",\"name\":\"Black & McDonald\",\"url\":\"https:\\\/\\\/blackandmcdonald.com\\\/\",\"logo\":{\"@type\":\"ImageObject\",\"inLanguage\":\"fr-CA\",\"@id\":\"https:\\\/\\\/blackandmcdonald.com\\\/#\\\/schema\\\/logo\\\/image\\\/\",\"url\":\"https:\\\/\\\/blackandmcdonald.com\\\/wp-content\\\/uploads\\\/2020\\\/05\\\/BlackMcDonald_Logo.png\",\"contentUrl\":\"https:\\\/\\\/blackandmcdonald.com\\\/wp-content\\\/uploads\\\/2020\\\/05\\\/BlackMcDonald_Logo.png\",\"width\":1633,\"height\":844,\"caption\":\"Black & McDonald\"},\"image\":{\"@id\":\"https:\\\/\\\/blackandmcdonald.com\\\/#\\\/schema\\\/logo\\\/image\\\/\"},\"sameAs\":[\"https:\\\/\\\/www.facebook.com\\\/BlackandMcDonald\",\"https:\\\/\\\/x.com\\\/bandmlimited\",\"https:\\\/\\\/www.instagram.com\\\/blackandmcdonald\\\/\",\"https:\\\/\\\/www.linkedin.com\\\/company\\\/black-&amp;-mcdonald-limited\",\"https:\\\/\\\/www.youtube.com\\\/user\\\/blackmcdonaldchannel\"]}]}<\/script>\n<!-- \/ Yoast SEO Premium plugin. -->","yoast_head_json":{"title":"La s\u00e9curit\u00e9 autrement chez Black &amp; McDonald - Black &amp; McDonald","description":"Chez Black &amp; McDonald, la sant\u00e9, la s\u00e9curit\u00e9 et le bien-\u00eatre environnemental de nos employ\u00e9s, de nos clients et du public ont toujours \u00e9t\u00e9 nos","robots":{"index":"index","follow":"follow","max-snippet":"max-snippet:-1","max-image-preview":"max-image-preview:large","max-video-preview":"max-video-preview:-1"},"canonical":"https:\/\/blackandmcdonald.com\/fr\/nouvelles\/la-securite-autrement-chez-black-mcdonald\/","og_locale":"fr_CA","og_type":"article","og_title":"La s\u00e9curit\u00e9 autrement chez Black &amp; McDonald","og_description":"Chez Black &amp; McDonald, la sant\u00e9, la s\u00e9curit\u00e9 et le bien-\u00eatre environnemental de nos employ\u00e9s, de nos clients et du public ont toujours \u00e9t\u00e9 nos","og_url":"https:\/\/blackandmcdonald.com\/fr\/nouvelles\/la-securite-autrement-chez-black-mcdonald\/","og_site_name":"Black &amp; McDonald","article_publisher":"https:\/\/www.facebook.com\/BlackandMcDonald","article_modified_time":"2025-05-09T13:25:08+00:00","og_image":[{"width":1920,"height":1080,"url":"https:\/\/blackandmcdonald.com\/wp-content\/uploads\/Health-and-Safety-Week-2025-FRE.jpg","type":"image\/jpeg"}],"twitter_card":"summary_large_image","twitter_site":"@bandmlimited","twitter_misc":{"Estimation du temps de lecture":"2 minutes"},"schema":{"@context":"https:\/\/schema.org","@graph":[{"@type":"WebPage","@id":"https:\/\/blackandmcdonald.com\/fr\/nouvelles\/la-securite-autrement-chez-black-mcdonald\/","url":"https:\/\/blackandmcdonald.com\/fr\/nouvelles\/la-securite-autrement-chez-black-mcdonald\/","name":"La s\u00e9curit\u00e9 autrement chez Black &amp; McDonald - Black &amp; McDonald","isPartOf":{"@id":"https:\/\/blackandmcdonald.com\/#website"},"primaryImageOfPage":{"@id":"https:\/\/blackandmcdonald.com\/fr\/nouvelles\/la-securite-autrement-chez-black-mcdonald\/#primaryimage"},"image":{"@id":"https:\/\/blackandmcdonald.com\/fr\/nouvelles\/la-securite-autrement-chez-black-mcdonald\/#primaryimage"},"thumbnailUrl":"https:\/\/blackandmcdonald.com\/wp-content\/uploads\/Health-and-Safety-Week-2025-FRE.jpg","datePublished":"2025-05-08T20:40:00+00:00","dateModified":"2025-05-09T13:25:08+00:00","description":"Chez Black &amp; McDonald, la sant\u00e9, la s\u00e9curit\u00e9 et le bien-\u00eatre environnemental de nos employ\u00e9s, de nos clients et du public ont toujours \u00e9t\u00e9 nos","breadcrumb":{"@id":"https:\/\/blackandmcdonald.com\/fr\/nouvelles\/la-securite-autrement-chez-black-mcdonald\/#breadcrumb"},"inLanguage":"fr-CA","potentialAction":[{"@type":"ReadAction","target":["https:\/\/blackandmcdonald.com\/fr\/nouvelles\/la-securite-autrement-chez-black-mcdonald\/"]}]},{"@type":"ImageObject","inLanguage":"fr-CA","@id":"https:\/\/blackandmcdonald.com\/fr\/nouvelles\/la-securite-autrement-chez-black-mcdonald\/#primaryimage","url":"https:\/\/blackandmcdonald.com\/wp-content\/uploads\/Health-and-Safety-Week-2025-FRE.jpg","contentUrl":"https:\/\/blackandmcdonald.com\/wp-content\/uploads\/Health-and-Safety-Week-2025-FRE.jpg","width":1920,"height":1080},{"@type":"BreadcrumbList","@id":"https:\/\/blackandmcdonald.com\/fr\/nouvelles\/la-securite-autrement-chez-black-mcdonald\/#breadcrumb","itemListElement":[{"@type":"ListItem","position":1,"name":"Home","item":"https:\/\/blackandmcdonald.com\/fr\/"},{"@type":"ListItem","position":2,"name":"News","item":"https:\/\/blackandmcdonald.com\/news\/"},{"@type":"ListItem","position":3,"name":"La s\u00e9curit\u00e9 autrement chez Black &amp; McDonald"}]},{"@type":"WebSite","@id":"https:\/\/blackandmcdonald.com\/#website","url":"https:\/\/blackandmcdonald.com\/","name":"Black & McDonald","description":"","publisher":{"@id":"https:\/\/blackandmcdonald.com\/#organization"},"potentialAction":[{"@type":"SearchAction","target":{"@type":"EntryPoint","urlTemplate":"https:\/\/blackandmcdonald.com\/?s={search_term_string}"},"query-input":{"@type":"PropertyValueSpecification","valueRequired":true,"valueName":"search_term_string"}}],"inLanguage":"fr-CA"},{"@type":"Organization","@id":"https:\/\/blackandmcdonald.com\/#organization","name":"Black & McDonald","url":"https:\/\/blackandmcdonald.com\/","logo":{"@type":"ImageObject","inLanguage":"fr-CA","@id":"https:\/\/blackandmcdonald.com\/#\/schema\/logo\/image\/","url":"https:\/\/blackandmcdonald.com\/wp-content\/uploads\/2020\/05\/BlackMcDonald_Logo.png","contentUrl":"https:\/\/blackandmcdonald.com\/wp-content\/uploads\/2020\/05\/BlackMcDonald_Logo.png","width":1633,"height":844,"caption":"Black & McDonald"},"image":{"@id":"https:\/\/blackandmcdonald.com\/#\/schema\/logo\/image\/"},"sameAs":["https:\/\/www.facebook.com\/BlackandMcDonald","https:\/\/x.com\/bandmlimited","https:\/\/www.instagram.com\/blackandmcdonald\/","https:\/\/www.linkedin.com\/company\/black-&amp;-mcdonald-limited","https:\/\/www.youtube.com\/user\/blackmcdonaldchannel"]}]}},"_links":{"self":[{"href":"https:\/\/blackandmcdonald.com\/fr\/wp-json\/wp\/v2\/news\/15487","targetHints":{"allow":["GET"]}}],"collection":[{"href":"https:\/\/blackandmcdonald.com\/fr\/wp-json\/wp\/v2\/news"}],"about":[{"href":"https:\/\/blackandmcdonald.com\/fr\/wp-json\/wp\/v2\/types\/news"}],"author":[{"embeddable":true,"href":"https:\/\/blackandmcdonald.com\/fr\/wp-json\/wp\/v2\/users\/25"}],"wp:featuredmedia":[{"embeddable":true,"href":"https:\/\/blackandmcdonald.com\/fr\/wp-json\/wp\/v2\/media\/15500"}],"wp:attachment":[{"href":"https:\/\/blackandmcdonald.com\/fr\/wp-json\/wp\/v2\/media?parent=15487"}],"curies":[{"name":"wp","href":"https:\/\/api.w.org\/{rel}","templated":true}]}}