{"id":13558,"date":"2024-11-08T12:25:11","date_gmt":"2024-11-08T17:25:11","guid":{"rendered":"https:\/\/blacmcstaging.wpengine.com\/news\/la-durabilite-a-lhonneurau-george-brown-college-2\/"},"modified":"2024-11-08T12:25:14","modified_gmt":"2024-11-08T17:25:14","slug":"la-durabilite-a-lhonneurau-george-brown-college-2-2","status":"publish","type":"news","link":"https:\/\/blackandmcdonald.com\/fr\/nouvelles\/la-durabilite-a-lhonneurau-george-brown-college-2-2\/","title":{"rendered":"Journ\u00e9e des v\u00e9t\u00e9rans autochtones"},"content":{"rendered":"\n<p>Aujourd\u2019hui, nous souhaitons prendre un moment pour rendre hommage aux v\u00e9t\u00e9rans autochtones et \u00e0 leur importante contribution \u00e0 notre pays. Des hommes et des femmes autochtones ont servi dans tous les grands conflits auxquels a pris part le Canada, faisant preuve d\u2019un courage, d\u2019une r\u00e9silience et d\u2019un sens du devoir aigu qui ont laiss\u00e9 une empreinte durable en chacun de nous.<\/p>\n\n\n\n<p>Leurs sacrifices et leur engagement \u00e0 prot\u00e9ger nos libert\u00e9s m\u00e9ritent notre respect le plus profond et toute notre gratitude. Souvenons-nous de ces v\u00e9t\u00e9rans et remercions-les, non seulement aujourd\u2019hui, mais tous les jours, car leurs r\u00e9alisations continuent de fa\u00e7onner et de renforcer nos collectivit\u00e9s.<\/p>\n\n\n\n<p>Merci de votre service.<\/p>\n\n\n\n<p>Pour en savoir plus, consultez le site <a href=\"https:\/\/www.veterans.gc.ca\/fr\/propos-dacc\/participation-du-public\/veterans-meritant-lequite\/veterans-autochtones\" target=\"_blank\" rel=\"noreferrer noopener\">V\u00e9t\u00e9rans autochtones<\/a>.&nbsp;<\/p>\n","protected":false},"excerpt":{"rendered":"<p>Aujourd\u2019hui, nous souhaitons prendre un moment pour rendre hommage aux v\u00e9t\u00e9rans autochtones et \u00e0 leur importante contribution \u00e0 notre pays. Des hommes et des [&hellip;]<\/p>\n","protected":false},"author":3,"featured_media":13569,"menu_order":0,"template":"","class_list":["post-13558","news","type-news","status-publish","has-post-thumbnail","hentry"],"acf":[],"yoast_head":"<!-- This site is optimized with the Yoast SEO Premium plugin v27.5 (Yoast SEO v27.5) - https:\/\/yoast.com\/product\/yoast-seo-premium-wordpress\/ -->\n<title>Journ\u00e9e des v\u00e9t\u00e9rans autochtones - Black &amp; McDonald<\/title>\n<meta name=\"description\" content=\"Aujourd\u2019hui, nous souhaitons prendre un moment pour rendre hommage aux v\u00e9t\u00e9rans autochtones et \u00e0 leur importante contribution \u00e0 notre pays. Des hommes et\" \/>\n<meta name=\"robots\" content=\"index, follow, max-snippet:-1, max-image-preview:large, max-video-preview:-1\" \/>\n<link rel=\"canonical\" href=\"https:\/\/blackandmcdonald.com\/fr\/nouvelles\/la-durabilite-a-lhonneurau-george-brown-college-2-2\/\" \/>\n<meta property=\"og:locale\" content=\"fr_CA\" \/>\n<meta property=\"og:type\" content=\"article\" \/>\n<meta property=\"og:title\" content=\"Journ\u00e9e des v\u00e9t\u00e9rans autochtones\" \/>\n<meta property=\"og:description\" content=\"Aujourd\u2019hui, nous souhaitons prendre un moment pour rendre hommage aux v\u00e9t\u00e9rans autochtones et \u00e0 leur importante contribution \u00e0 notre pays. Des hommes et\" \/>\n<meta property=\"og:url\" content=\"https:\/\/blackandmcdonald.com\/fr\/nouvelles\/la-durabilite-a-lhonneurau-george-brown-college-2-2\/\" \/>\n<meta property=\"og:site_name\" content=\"Black &amp; McDonald\" \/>\n<meta property=\"article:publisher\" content=\"https:\/\/www.facebook.com\/BlackandMcDonald\" \/>\n<meta property=\"article:modified_time\" content=\"2024-11-08T17:25:14+00:00\" \/>\n<meta property=\"og:image\" content=\"https:\/\/blackandmcdonald.com\/wp-content\/uploads\/Website-Indigenous-Veterans-Day.png\" \/>\n\t<meta property=\"og:image:width\" content=\"1920\" \/>\n\t<meta property=\"og:image:height\" content=\"1080\" \/>\n\t<meta property=\"og:image:type\" content=\"image\/png\" \/>\n<meta name=\"twitter:card\" content=\"summary_large_image\" \/>\n<meta name=\"twitter:site\" content=\"@bandmlimited\" \/>\n<meta name=\"twitter:label1\" content=\"Estimation du temps de lecture\" \/>\n\t<meta name=\"twitter:data1\" content=\"1 minute\" \/>\n<script type=\"application\/ld+json\" class=\"yoast-schema-graph\">{\"@context\":\"https:\\\/\\\/schema.org\",\"@graph\":[{\"@type\":\"WebPage\",\"@id\":\"https:\\\/\\\/blackandmcdonald.com\\\/fr\\\/nouvelles\\\/la-durabilite-a-lhonneurau-george-brown-college-2-2\\\/\",\"url\":\"https:\\\/\\\/blackandmcdonald.com\\\/fr\\\/nouvelles\\\/la-durabilite-a-lhonneurau-george-brown-college-2-2\\\/\",\"name\":\"Journ\u00e9e des v\u00e9t\u00e9rans autochtones - Black &amp; McDonald\",\"isPartOf\":{\"@id\":\"https:\\\/\\\/blackandmcdonald.com\\\/#website\"},\"primaryImageOfPage\":{\"@id\":\"https:\\\/\\\/blackandmcdonald.com\\\/fr\\\/nouvelles\\\/la-durabilite-a-lhonneurau-george-brown-college-2-2\\\/#primaryimage\"},\"image\":{\"@id\":\"https:\\\/\\\/blackandmcdonald.com\\\/fr\\\/nouvelles\\\/la-durabilite-a-lhonneurau-george-brown-college-2-2\\\/#primaryimage\"},\"thumbnailUrl\":\"https:\\\/\\\/blackandmcdonald.com\\\/wp-content\\\/uploads\\\/Website-Indigenous-Veterans-Day.png\",\"datePublished\":\"2024-11-08T17:25:11+00:00\",\"dateModified\":\"2024-11-08T17:25:14+00:00\",\"description\":\"Aujourd\u2019hui, nous souhaitons prendre un moment pour rendre hommage aux v\u00e9t\u00e9rans autochtones et \u00e0 leur importante contribution \u00e0 notre pays. Des hommes et\",\"breadcrumb\":{\"@id\":\"https:\\\/\\\/blackandmcdonald.com\\\/fr\\\/nouvelles\\\/la-durabilite-a-lhonneurau-george-brown-college-2-2\\\/#breadcrumb\"},\"inLanguage\":\"fr-CA\",\"potentialAction\":[{\"@type\":\"ReadAction\",\"target\":[\"https:\\\/\\\/blackandmcdonald.com\\\/fr\\\/nouvelles\\\/la-durabilite-a-lhonneurau-george-brown-college-2-2\\\/\"]}]},{\"@type\":\"ImageObject\",\"inLanguage\":\"fr-CA\",\"@id\":\"https:\\\/\\\/blackandmcdonald.com\\\/fr\\\/nouvelles\\\/la-durabilite-a-lhonneurau-george-brown-college-2-2\\\/#primaryimage\",\"url\":\"https:\\\/\\\/blackandmcdonald.com\\\/wp-content\\\/uploads\\\/Website-Indigenous-Veterans-Day.png\",\"contentUrl\":\"https:\\\/\\\/blackandmcdonald.com\\\/wp-content\\\/uploads\\\/Website-Indigenous-Veterans-Day.png\",\"width\":1920,\"height\":1080},{\"@type\":\"BreadcrumbList\",\"@id\":\"https:\\\/\\\/blackandmcdonald.com\\\/fr\\\/nouvelles\\\/la-durabilite-a-lhonneurau-george-brown-college-2-2\\\/#breadcrumb\",\"itemListElement\":[{\"@type\":\"ListItem\",\"position\":1,\"name\":\"Home\",\"item\":\"https:\\\/\\\/blackandmcdonald.com\\\/fr\\\/\"},{\"@type\":\"ListItem\",\"position\":2,\"name\":\"News\",\"item\":\"https:\\\/\\\/blackandmcdonald.com\\\/news\\\/\"},{\"@type\":\"ListItem\",\"position\":3,\"name\":\"Journ\u00e9e des v\u00e9t\u00e9rans autochtones\"}]},{\"@type\":\"WebSite\",\"@id\":\"https:\\\/\\\/blackandmcdonald.com\\\/#website\",\"url\":\"https:\\\/\\\/blackandmcdonald.com\\\/\",\"name\":\"Black & McDonald\",\"description\":\"\",\"publisher\":{\"@id\":\"https:\\\/\\\/blackandmcdonald.com\\\/#organization\"},\"potentialAction\":[{\"@type\":\"SearchAction\",\"target\":{\"@type\":\"EntryPoint\",\"urlTemplate\":\"https:\\\/\\\/blackandmcdonald.com\\\/?s={search_term_string}\"},\"query-input\":{\"@type\":\"PropertyValueSpecification\",\"valueRequired\":true,\"valueName\":\"search_term_string\"}}],\"inLanguage\":\"fr-CA\"},{\"@type\":\"Organization\",\"@id\":\"https:\\\/\\\/blackandmcdonald.com\\\/#organization\",\"name\":\"Black & McDonald\",\"url\":\"https:\\\/\\\/blackandmcdonald.com\\\/\",\"logo\":{\"@type\":\"ImageObject\",\"inLanguage\":\"fr-CA\",\"@id\":\"https:\\\/\\\/blackandmcdonald.com\\\/#\\\/schema\\\/logo\\\/image\\\/\",\"url\":\"https:\\\/\\\/blackandmcdonald.com\\\/wp-content\\\/uploads\\\/2020\\\/05\\\/BlackMcDonald_Logo.png\",\"contentUrl\":\"https:\\\/\\\/blackandmcdonald.com\\\/wp-content\\\/uploads\\\/2020\\\/05\\\/BlackMcDonald_Logo.png\",\"width\":1633,\"height\":844,\"caption\":\"Black & McDonald\"},\"image\":{\"@id\":\"https:\\\/\\\/blackandmcdonald.com\\\/#\\\/schema\\\/logo\\\/image\\\/\"},\"sameAs\":[\"https:\\\/\\\/www.facebook.com\\\/BlackandMcDonald\",\"https:\\\/\\\/x.com\\\/bandmlimited\",\"https:\\\/\\\/www.instagram.com\\\/blackandmcdonald\\\/\",\"https:\\\/\\\/www.linkedin.com\\\/company\\\/black-&amp;-mcdonald-limited\",\"https:\\\/\\\/www.youtube.com\\\/user\\\/blackmcdonaldchannel\"]}]}<\/script>\n<!-- \/ Yoast SEO Premium plugin. -->","yoast_head_json":{"title":"Journ\u00e9e des v\u00e9t\u00e9rans autochtones - Black &amp; McDonald","description":"Aujourd\u2019hui, nous souhaitons prendre un moment pour rendre hommage aux v\u00e9t\u00e9rans autochtones et \u00e0 leur importante contribution \u00e0 notre pays. Des hommes et","robots":{"index":"index","follow":"follow","max-snippet":"max-snippet:-1","max-image-preview":"max-image-preview:large","max-video-preview":"max-video-preview:-1"},"canonical":"https:\/\/blackandmcdonald.com\/fr\/nouvelles\/la-durabilite-a-lhonneurau-george-brown-college-2-2\/","og_locale":"fr_CA","og_type":"article","og_title":"Journ\u00e9e des v\u00e9t\u00e9rans autochtones","og_description":"Aujourd\u2019hui, nous souhaitons prendre un moment pour rendre hommage aux v\u00e9t\u00e9rans autochtones et \u00e0 leur importante contribution \u00e0 notre pays. Des hommes et","og_url":"https:\/\/blackandmcdonald.com\/fr\/nouvelles\/la-durabilite-a-lhonneurau-george-brown-college-2-2\/","og_site_name":"Black &amp; McDonald","article_publisher":"https:\/\/www.facebook.com\/BlackandMcDonald","article_modified_time":"2024-11-08T17:25:14+00:00","og_image":[{"width":1920,"height":1080,"url":"https:\/\/blackandmcdonald.com\/wp-content\/uploads\/Website-Indigenous-Veterans-Day.png","type":"image\/png"}],"twitter_card":"summary_large_image","twitter_site":"@bandmlimited","twitter_misc":{"Estimation du temps de lecture":"1 minute"},"schema":{"@context":"https:\/\/schema.org","@graph":[{"@type":"WebPage","@id":"https:\/\/blackandmcdonald.com\/fr\/nouvelles\/la-durabilite-a-lhonneurau-george-brown-college-2-2\/","url":"https:\/\/blackandmcdonald.com\/fr\/nouvelles\/la-durabilite-a-lhonneurau-george-brown-college-2-2\/","name":"Journ\u00e9e des v\u00e9t\u00e9rans autochtones - Black &amp; McDonald","isPartOf":{"@id":"https:\/\/blackandmcdonald.com\/#website"},"primaryImageOfPage":{"@id":"https:\/\/blackandmcdonald.com\/fr\/nouvelles\/la-durabilite-a-lhonneurau-george-brown-college-2-2\/#primaryimage"},"image":{"@id":"https:\/\/blackandmcdonald.com\/fr\/nouvelles\/la-durabilite-a-lhonneurau-george-brown-college-2-2\/#primaryimage"},"thumbnailUrl":"https:\/\/blackandmcdonald.com\/wp-content\/uploads\/Website-Indigenous-Veterans-Day.png","datePublished":"2024-11-08T17:25:11+00:00","dateModified":"2024-11-08T17:25:14+00:00","description":"Aujourd\u2019hui, nous souhaitons prendre un moment pour rendre hommage aux v\u00e9t\u00e9rans autochtones et \u00e0 leur importante contribution \u00e0 notre pays. Des hommes et","breadcrumb":{"@id":"https:\/\/blackandmcdonald.com\/fr\/nouvelles\/la-durabilite-a-lhonneurau-george-brown-college-2-2\/#breadcrumb"},"inLanguage":"fr-CA","potentialAction":[{"@type":"ReadAction","target":["https:\/\/blackandmcdonald.com\/fr\/nouvelles\/la-durabilite-a-lhonneurau-george-brown-college-2-2\/"]}]},{"@type":"ImageObject","inLanguage":"fr-CA","@id":"https:\/\/blackandmcdonald.com\/fr\/nouvelles\/la-durabilite-a-lhonneurau-george-brown-college-2-2\/#primaryimage","url":"https:\/\/blackandmcdonald.com\/wp-content\/uploads\/Website-Indigenous-Veterans-Day.png","contentUrl":"https:\/\/blackandmcdonald.com\/wp-content\/uploads\/Website-Indigenous-Veterans-Day.png","width":1920,"height":1080},{"@type":"BreadcrumbList","@id":"https:\/\/blackandmcdonald.com\/fr\/nouvelles\/la-durabilite-a-lhonneurau-george-brown-college-2-2\/#breadcrumb","itemListElement":[{"@type":"ListItem","position":1,"name":"Home","item":"https:\/\/blackandmcdonald.com\/fr\/"},{"@type":"ListItem","position":2,"name":"News","item":"https:\/\/blackandmcdonald.com\/news\/"},{"@type":"ListItem","position":3,"name":"Journ\u00e9e des v\u00e9t\u00e9rans autochtones"}]},{"@type":"WebSite","@id":"https:\/\/blackandmcdonald.com\/#website","url":"https:\/\/blackandmcdonald.com\/","name":"Black & McDonald","description":"","publisher":{"@id":"https:\/\/blackandmcdonald.com\/#organization"},"potentialAction":[{"@type":"SearchAction","target":{"@type":"EntryPoint","urlTemplate":"https:\/\/blackandmcdonald.com\/?s={search_term_string}"},"query-input":{"@type":"PropertyValueSpecification","valueRequired":true,"valueName":"search_term_string"}}],"inLanguage":"fr-CA"},{"@type":"Organization","@id":"https:\/\/blackandmcdonald.com\/#organization","name":"Black & McDonald","url":"https:\/\/blackandmcdonald.com\/","logo":{"@type":"ImageObject","inLanguage":"fr-CA","@id":"https:\/\/blackandmcdonald.com\/#\/schema\/logo\/image\/","url":"https:\/\/blackandmcdonald.com\/wp-content\/uploads\/2020\/05\/BlackMcDonald_Logo.png","contentUrl":"https:\/\/blackandmcdonald.com\/wp-content\/uploads\/2020\/05\/BlackMcDonald_Logo.png","width":1633,"height":844,"caption":"Black & McDonald"},"image":{"@id":"https:\/\/blackandmcdonald.com\/#\/schema\/logo\/image\/"},"sameAs":["https:\/\/www.facebook.com\/BlackandMcDonald","https:\/\/x.com\/bandmlimited","https:\/\/www.instagram.com\/blackandmcdonald\/","https:\/\/www.linkedin.com\/company\/black-&amp;-mcdonald-limited","https:\/\/www.youtube.com\/user\/blackmcdonaldchannel"]}]}},"_links":{"self":[{"href":"https:\/\/blackandmcdonald.com\/fr\/wp-json\/wp\/v2\/news\/13558","targetHints":{"allow":["GET"]}}],"collection":[{"href":"https:\/\/blackandmcdonald.com\/fr\/wp-json\/wp\/v2\/news"}],"about":[{"href":"https:\/\/blackandmcdonald.com\/fr\/wp-json\/wp\/v2\/types\/news"}],"author":[{"embeddable":true,"href":"https:\/\/blackandmcdonald.com\/fr\/wp-json\/wp\/v2\/users\/3"}],"wp:featuredmedia":[{"embeddable":true,"href":"https:\/\/blackandmcdonald.com\/fr\/wp-json\/wp\/v2\/media\/13569"}],"wp:attachment":[{"href":"https:\/\/blackandmcdonald.com\/fr\/wp-json\/wp\/v2\/media?parent=13558"}],"curies":[{"name":"wp","href":"https:\/\/api.w.org\/{rel}","templated":true}]}}